{"id":29882,"date":"2025-12-18T08:51:44","date_gmt":"2025-12-18T07:51:44","guid":{"rendered":"https:\/\/pulainfo.hr\/?p=29882"},"modified":"2025-12-18T10:59:58","modified_gmt":"2025-12-18T09:59:58","slug":"vanna-il-mago-luka-vidovic-e-babbo-natale-in-moto","status":"publish","type":"post","link":"https:\/\/pulainfo.hr\/it\/vanna-il-mago-luka-vidovic-e-babbo-natale-in-moto\/","title":{"rendered":"Vanna, il mago Luka Vidovi\u0107 e Babbo Natale in moto"},"content":{"rendered":"<p data-start=\"3930\" data-end=\"4497\">La <strong data-start=\"3933\" data-end=\"3981\">settimana dell\u2019Avvento dal 16 al 21 dicembre<\/strong> porta numerosi e variegati programmi per tutte le et\u00e0, a partire da <strong data-start=\"4050\" data-end=\"4073\">marted\u00ec 16 dicembre<\/strong>, quando il <strong data-start=\"4085\" data-end=\"4093\">Foro<\/strong> si trasformer\u00e0 in un centro di danza con le esibizioni del <strong data-start=\"4153\" data-end=\"4176\">Dance Club Infinity<\/strong> alle <strong data-start=\"4182\" data-end=\"4191\">17:00<\/strong>, del gruppo di breakdance e hip-hop <strong data-start=\"4228\" data-end=\"4243\">AB Original<\/strong> alle <strong data-start=\"4249\" data-end=\"4258\">18:00<\/strong>, dello <strong data-start=\"4266\" data-end=\"4295\">Studio di danza Saltatrix<\/strong> alle <strong data-start=\"4301\" data-end=\"4310\">19:00<\/strong> e dell\u2019associazione di danza <strong data-start=\"4340\" data-end=\"4350\">K-LaVa<\/strong> alle <strong data-start=\"4356\" data-end=\"4365\">20:00<\/strong>. L\u2019associazione di danza <strong data-start=\"4391\" data-end=\"4408\">Sense &amp; Dance<\/strong> presenter\u00e0 la performance <em data-start=\"4435\" data-end=\"4458\">Dancing in the Street<\/em> al Foro il <strong data-start=\"4470\" data-end=\"4496\">17 dicembre alle 19:00<\/strong>.<\/p>\n<p data-start=\"4499\" data-end=\"5330\"><strong data-start=\"4499\" data-end=\"4522\">Venerd\u00ec 19 dicembre<\/strong>, nel <strong data-start=\"4528\" data-end=\"4557\">Parco della citt\u00e0 di Graz<\/strong>, vi attende un pomeriggio particolarmente interessante a partire dalle <strong data-start=\"4629\" data-end=\"4638\">17:00<\/strong> con il <strong data-start=\"4646\" data-end=\"4662\">\u201cMagic Show\u201d<\/strong> \u2013 uno spettacolo di magia esilarante, dinamico e interattivo del noto mago croato <strong data-start=\"4745\" data-end=\"4761\">Luka Vidovi\u0107<\/strong>, pensato per il divertimento di tutta la famiglia. La particolarit\u00e0 dello spettacolo \u00e8 la sua completa interattivit\u00e0: Luka sceglie alcuni bambini dal pubblico che lo aiutano sul palco, con tanto umorismo, nell\u2019esecuzione dei trucchi. Anche chi non viene chiamato sul palco non rester\u00e0 deluso, poich\u00e9 l\u2019intero pubblico partecipa direttamente allo spettacolo. Alle <strong data-start=\"5125\" data-end=\"5134\">18:00<\/strong> il <strong data-start=\"5138\" data-end=\"5193\">Centro per l\u2019inclusione e il sostegno alla comunit\u00e0<\/strong> terr\u00e0 la sua tradizionale festa natalizia, mentre alle <strong data-start=\"5249\" data-end=\"5258\">19:00<\/strong> salir\u00e0 sul palco del parco di Graz la <strong data-start=\"5297\" data-end=\"5329\">Scuola dell\u2019infanzia Oblutak<\/strong>.<\/p>\n<p data-start=\"5332\" data-end=\"6264\">Sempre venerd\u00ec, al <strong data-start=\"5351\" data-end=\"5359\">Foro<\/strong> alle <strong data-start=\"5365\" data-end=\"5374\">19:00<\/strong>, l\u2019atmosfera sar\u00e0 resa ancora pi\u00f9 piacevole dal duo <strong data-start=\"5427\" data-end=\"5446\">Manouche de Mar<\/strong>, composto dai musicisti <strong data-start=\"5471\" data-end=\"5485\">Nenad Mirt<\/strong> al contrabbasso e <strong data-start=\"5504\" data-end=\"5518\">Ivan Bili\u0107<\/strong> alla chitarra. Con il richiamo giocoso del caldo contrabbasso e della chitarra selvaggia, eseguiranno un repertorio che include brani di <strong data-start=\"5656\" data-end=\"5676\">Django Reinhardt<\/strong>, oltre a rilassanti ritmi di bossa nova e bolero. Una delle cantanti croate pi\u00f9 importanti e apprezzate, <strong data-start=\"5782\" data-end=\"5791\">Vanna<\/strong>, arriver\u00e0 con la sua eccellente band a <strong data-start=\"5831\" data-end=\"5844\">Portarata<\/strong> alle <strong data-start=\"5850\" data-end=\"5859\">20:30<\/strong>, dove il pubblico potr\u00e0 godere di un indimenticabile concerto natalizio ricco di grandi successi, emozione ed energia straordinaria. \u201cNon vedo l\u2019ora del concerto a Pola! L\u2019Avvento \u00e8 sempre speciale: le persone sono allegre, cantano e sono piene di calore, e credo che anche questa serata sar\u00e0 cos\u00ec. Venite per cantare e ballare insieme e dimenticare il freddo\u201d, ha dichiarato Vanna prima dell\u2019esibizione.<\/p>\n<p data-start=\"6266\" data-end=\"7445\">Il <strong data-start=\"6269\" data-end=\"6279\">sabato<\/strong> \u00e8 dedicato a numerosi programmi per bambini: nel <strong data-start=\"6329\" data-end=\"6358\">Parco della citt\u00e0 di Graz<\/strong> alle <strong data-start=\"6364\" data-end=\"6373\">10:00<\/strong>, l\u2019associazione <strong data-start=\"6390\" data-end=\"6402\">Birikina<\/strong> presenter\u00e0 lo spettacolo <em data-start=\"6428\" data-end=\"6453\">Il bruco molto affamato<\/em>; a <strong data-start=\"6457\" data-end=\"6470\">Portarata<\/strong> alle <strong data-start=\"6476\" data-end=\"6485\">11:00<\/strong>, accompagnato dal <strong data-start=\"6504\" data-end=\"6529\">motoclub Twin Horn MC<\/strong>, arriver\u00e0 <strong data-start=\"6540\" data-end=\"6556\">Babbo Natale<\/strong>, che trascorrer\u00e0 del tempo con i bambini distribuendo caramelle; e alle <strong data-start=\"6629\" data-end=\"6638\">17:00<\/strong> nel Parco della citt\u00e0 di Graz, <strong data-start=\"6670\" data-end=\"6687\">\u017duti ki\u0161obran<\/strong> organizzer\u00e0 il gioco di ricerca <em data-start=\"6720\" data-end=\"6744\">Chi ha rapito Rudolph?<\/em>. Allo stesso tempo, Babbo Natale si unir\u00e0 alla <strong data-start=\"6792\" data-end=\"6822\">Signora Natale e agli elfi<\/strong> nel Parco della citt\u00e0 di Graz, accogliendo i pi\u00f9 piccoli dalle <strong data-start=\"6886\" data-end=\"6906\">17:00 alle 20:00<\/strong>.<br data-start=\"6907\" data-end=\"6910\" \/>Il <strong data-start=\"6913\" data-end=\"6941\">Trenino festivo gratuito<\/strong> circoler\u00e0 nel centro citt\u00e0 dal <strong data-start=\"6973\" data-end=\"6994\">20 al 30 dicembre<\/strong>: nei giorni feriali e festivi dalle <strong data-start=\"7031\" data-end=\"7051\">16:00 alle 20:00<\/strong>, mentre il sabato e la domenica dalle <strong data-start=\"7090\" data-end=\"7110\">10:00 alle 13:00<\/strong> e dalle <strong data-start=\"7119\" data-end=\"7139\">16:00 alle 20:00<\/strong>. Il trenino partir\u00e0 dall\u2019<strong data-start=\"7165\" data-end=\"7182\">Arena di Pola<\/strong>, percorrendo via Flavijevska, via Starih statuta, la Riva e via Flaciusova fino a via Dobrilina, per poi proseguire attraverso Laginjina, Giardini e via Istarska, tornando al punto di partenza davanti all\u2019Arena. La durata stimata del percorso \u00e8 di <strong data-start=\"7431\" data-end=\"7444\">30 minuti<\/strong>.<\/p>\n<p data-start=\"7447\" data-end=\"7857\" data-is-last-node=\"\" data-is-only-node=\"\">La serata prosegue in un\u2019atmosfera festosa e allegra con il gruppo <strong data-start=\"7514\" data-end=\"7529\">Sugar Notes<\/strong> al Foro alle <strong data-start=\"7543\" data-end=\"7552\">19:00<\/strong>, seguiti dalla <strong data-start=\"7568\" data-end=\"7583\">klapa \u0160ufit<\/strong>, una delle klape dalmate pi\u00f9 premiate con oltre 30 anni di tradizione musicale, a <strong data-start=\"7666\" data-end=\"7690\">Portarata alle 20:30<\/strong>. L\u2019<strong data-start=\"7694\" data-end=\"7725\">ultima candela dell\u2019Avvento<\/strong>, presso la fontana al <strong data-start=\"7748\" data-end=\"7759\">Mercato<\/strong>, sar\u00e0 accesa il <strong data-start=\"7776\" data-end=\"7802\">21 dicembre alle 11:00<\/strong>, con l\u2019accompagnamento del <strong data-start=\"7830\" data-end=\"7856\">KUD Matko Braj\u0161a Ra\u0161an<\/strong>.<\/p>\n","protected":false},"excerpt":{"rendered":"<p>La settimana dell\u2019Avvento dal 16 al 21 dicembre porta numerosi e variegati programmi per tutte &#8230;<\/p>\n","protected":false},"author":8,"featured_media":29872,"comment_status":"closed","ping_status":"closed","sticky":false,"template":"","format":"standard","meta":{"_acf_changed":false,"inline_featured_image":false,"footnotes":""},"categories":[146,141],"tags":[],"class_list":["post-29882","post","type-post","status-publish","format-standard","has-post-thumbnail","hentry","category-notizie","category-featured-news-it"],"acf":[],"yoast_head":"<!-- This site is optimized with the Yoast SEO plugin v27.4 - https:\/\/yoast.com\/product\/yoast-seo-wordpress\/ -->\n<title>Vanna, il mago Luka Vidovi\u0107 e Babbo Natale in moto - Tourism Office Pula<\/title>\n<meta name=\"robots\" content=\"index, follow, max-snippet:-1, max-image-preview:large, max-video-preview:-1\" \/>\n<link rel=\"canonical\" href=\"https:\/\/pulainfo.hr\/it\/vanna-il-mago-luka-vidovic-e-babbo-natale-in-moto\/\" \/>\n<meta property=\"og:locale\" content=\"it_IT\" \/>\n<meta property=\"og:type\" content=\"article\" \/>\n<meta property=\"og:title\" content=\"Vanna, il mago Luka Vidovi\u0107 e Babbo Natale in moto - Tourism Office Pula\" \/>\n<meta property=\"og:description\" content=\"La settimana dell\u2019Avvento dal 16 al 21 dicembre porta numerosi e variegati programmi per tutte ...\" \/>\n<meta property=\"og:url\" content=\"https:\/\/pulainfo.hr\/it\/vanna-il-mago-luka-vidovic-e-babbo-natale-in-moto\/\" \/>\n<meta property=\"og:site_name\" content=\"Tourism Office Pula\" \/>\n<meta property=\"article:published_time\" content=\"2025-12-18T07:51:44+00:00\" \/>\n<meta property=\"article:modified_time\" content=\"2025-12-18T09:59:58+00:00\" \/>\n<meta property=\"og:image\" content=\"https:\/\/pulainfo.hr\/wp-content\/uploads\/2025\/12\/Djed-Mraz.jpg\" \/>\n\t<meta property=\"og:image:width\" content=\"1620\" \/>\n\t<meta property=\"og:image:height\" content=\"1080\" \/>\n\t<meta property=\"og:image:type\" content=\"image\/jpeg\" \/>\n<meta name=\"author\" content=\"Valentina Dudic\" \/>\n<meta name=\"twitter:card\" content=\"summary_large_image\" \/>\n<meta name=\"twitter:label1\" content=\"Scritto da\" \/>\n\t<meta name=\"twitter:data1\" content=\"Valentina Dudic\" \/>\n\t<meta name=\"twitter:label2\" content=\"Tempo di lettura stimato\" \/>\n\t<meta name=\"twitter:data2\" content=\"3 minuti\" \/>\n<script type=\"application\/ld+json\" class=\"yoast-schema-graph\">{\"@context\":\"https:\\\/\\\/schema.org\",\"@graph\":[{\"@type\":\"Article\",\"@id\":\"https:\\\/\\\/pulainfo.hr\\\/it\\\/vanna-il-mago-luka-vidovic-e-babbo-natale-in-moto\\\/#article\",\"isPartOf\":{\"@id\":\"https:\\\/\\\/pulainfo.hr\\\/it\\\/vanna-il-mago-luka-vidovic-e-babbo-natale-in-moto\\\/\"},\"author\":{\"name\":\"Valentina Dudic\",\"@id\":\"https:\\\/\\\/pulainfo.hr\\\/#\\\/schema\\\/person\\\/dc2ada394b351c9a9fd67dc21405e885\"},\"headline\":\"Vanna, il mago Luka Vidovi\u0107 e Babbo Natale in moto\",\"datePublished\":\"2025-12-18T07:51:44+00:00\",\"dateModified\":\"2025-12-18T09:59:58+00:00\",\"mainEntityOfPage\":{\"@id\":\"https:\\\/\\\/pulainfo.hr\\\/it\\\/vanna-il-mago-luka-vidovic-e-babbo-natale-in-moto\\\/\"},\"wordCount\":575,\"publisher\":{\"@id\":\"https:\\\/\\\/pulainfo.hr\\\/#organization\"},\"image\":{\"@id\":\"https:\\\/\\\/pulainfo.hr\\\/it\\\/vanna-il-mago-luka-vidovic-e-babbo-natale-in-moto\\\/#primaryimage\"},\"thumbnailUrl\":\"https:\\\/\\\/pulainfo.hr\\\/wp-content\\\/uploads\\\/2025\\\/12\\\/Djed-Mraz.jpg\",\"articleSection\":[\"Notizie\",\"Featured news\"],\"inLanguage\":\"it-IT\"},{\"@type\":\"WebPage\",\"@id\":\"https:\\\/\\\/pulainfo.hr\\\/it\\\/vanna-il-mago-luka-vidovic-e-babbo-natale-in-moto\\\/\",\"url\":\"https:\\\/\\\/pulainfo.hr\\\/it\\\/vanna-il-mago-luka-vidovic-e-babbo-natale-in-moto\\\/\",\"name\":\"Vanna, il mago Luka Vidovi\u0107 e Babbo Natale in moto - Tourism Office Pula\",\"isPartOf\":{\"@id\":\"https:\\\/\\\/pulainfo.hr\\\/#website\"},\"primaryImageOfPage\":{\"@id\":\"https:\\\/\\\/pulainfo.hr\\\/it\\\/vanna-il-mago-luka-vidovic-e-babbo-natale-in-moto\\\/#primaryimage\"},\"image\":{\"@id\":\"https:\\\/\\\/pulainfo.hr\\\/it\\\/vanna-il-mago-luka-vidovic-e-babbo-natale-in-moto\\\/#primaryimage\"},\"thumbnailUrl\":\"https:\\\/\\\/pulainfo.hr\\\/wp-content\\\/uploads\\\/2025\\\/12\\\/Djed-Mraz.jpg\",\"datePublished\":\"2025-12-18T07:51:44+00:00\",\"dateModified\":\"2025-12-18T09:59:58+00:00\",\"breadcrumb\":{\"@id\":\"https:\\\/\\\/pulainfo.hr\\\/it\\\/vanna-il-mago-luka-vidovic-e-babbo-natale-in-moto\\\/#breadcrumb\"},\"inLanguage\":\"it-IT\",\"potentialAction\":[{\"@type\":\"ReadAction\",\"target\":[\"https:\\\/\\\/pulainfo.hr\\\/it\\\/vanna-il-mago-luka-vidovic-e-babbo-natale-in-moto\\\/\"]}]},{\"@type\":\"ImageObject\",\"inLanguage\":\"it-IT\",\"@id\":\"https:\\\/\\\/pulainfo.hr\\\/it\\\/vanna-il-mago-luka-vidovic-e-babbo-natale-in-moto\\\/#primaryimage\",\"url\":\"https:\\\/\\\/pulainfo.hr\\\/wp-content\\\/uploads\\\/2025\\\/12\\\/Djed-Mraz.jpg\",\"contentUrl\":\"https:\\\/\\\/pulainfo.hr\\\/wp-content\\\/uploads\\\/2025\\\/12\\\/Djed-Mraz.jpg\",\"width\":1620,\"height\":1080},{\"@type\":\"BreadcrumbList\",\"@id\":\"https:\\\/\\\/pulainfo.hr\\\/it\\\/vanna-il-mago-luka-vidovic-e-babbo-natale-in-moto\\\/#breadcrumb\",\"itemListElement\":[{\"@type\":\"ListItem\",\"position\":1,\"name\":\"Po\u010detna stranica\",\"item\":\"https:\\\/\\\/pulainfo.hr\\\/it\\\/\"},{\"@type\":\"ListItem\",\"position\":2,\"name\":\"Vanna, il mago Luka Vidovi\u0107 e Babbo Natale in moto\"}]},{\"@type\":\"WebSite\",\"@id\":\"https:\\\/\\\/pulainfo.hr\\\/#website\",\"url\":\"https:\\\/\\\/pulainfo.hr\\\/\",\"name\":\"Tourism Office Pula\",\"description\":\"Tourism Office Pula - Official web site\",\"publisher\":{\"@id\":\"https:\\\/\\\/pulainfo.hr\\\/#organization\"},\"potentialAction\":[{\"@type\":\"SearchAction\",\"target\":{\"@type\":\"EntryPoint\",\"urlTemplate\":\"https:\\\/\\\/pulainfo.hr\\\/?s={search_term_string}\"},\"query-input\":{\"@type\":\"PropertyValueSpecification\",\"valueRequired\":true,\"valueName\":\"search_term_string\"}}],\"inLanguage\":\"it-IT\"},{\"@type\":\"Organization\",\"@id\":\"https:\\\/\\\/pulainfo.hr\\\/#organization\",\"name\":\"Tourism Office Pula\",\"url\":\"https:\\\/\\\/pulainfo.hr\\\/\",\"logo\":{\"@type\":\"ImageObject\",\"inLanguage\":\"it-IT\",\"@id\":\"https:\\\/\\\/pulainfo.hr\\\/#\\\/schema\\\/logo\\\/image\\\/\",\"url\":\"https:\\\/\\\/pulainfo.hr\\\/wp-content\\\/uploads\\\/2023\\\/10\\\/logo.svg\",\"contentUrl\":\"https:\\\/\\\/pulainfo.hr\\\/wp-content\\\/uploads\\\/2023\\\/10\\\/logo.svg\",\"width\":171,\"height\":59,\"caption\":\"Tourism Office Pula\"},\"image\":{\"@id\":\"https:\\\/\\\/pulainfo.hr\\\/#\\\/schema\\\/logo\\\/image\\\/\"}},{\"@type\":\"Person\",\"@id\":\"https:\\\/\\\/pulainfo.hr\\\/#\\\/schema\\\/person\\\/dc2ada394b351c9a9fd67dc21405e885\",\"name\":\"Valentina Dudic\",\"image\":{\"@type\":\"ImageObject\",\"inLanguage\":\"it-IT\",\"@id\":\"https:\\\/\\\/secure.gravatar.com\\\/avatar\\\/025da990e05772ca2d158c68c1d4013ad5febc3f765c0e1957f6bb937bda74ac?s=96&d=mm&r=g\",\"url\":\"https:\\\/\\\/secure.gravatar.com\\\/avatar\\\/025da990e05772ca2d158c68c1d4013ad5febc3f765c0e1957f6bb937bda74ac?s=96&d=mm&r=g\",\"contentUrl\":\"https:\\\/\\\/secure.gravatar.com\\\/avatar\\\/025da990e05772ca2d158c68c1d4013ad5febc3f765c0e1957f6bb937bda74ac?s=96&d=mm&r=g\",\"caption\":\"Valentina Dudic\"},\"url\":\"https:\\\/\\\/pulainfo.hr\\\/it\\\/author\\\/valentina-dudic\\\/\"}]}<\/script>\n<!-- \/ Yoast SEO plugin. -->","yoast_head_json":{"title":"Vanna, il mago Luka Vidovi\u0107 e Babbo Natale in moto - Tourism Office Pula","robots":{"index":"index","follow":"follow","max-snippet":"max-snippet:-1","max-image-preview":"max-image-preview:large","max-video-preview":"max-video-preview:-1"},"canonical":"https:\/\/pulainfo.hr\/it\/vanna-il-mago-luka-vidovic-e-babbo-natale-in-moto\/","og_locale":"it_IT","og_type":"article","og_title":"Vanna, il mago Luka Vidovi\u0107 e Babbo Natale in moto - Tourism Office Pula","og_description":"La settimana dell\u2019Avvento dal 16 al 21 dicembre porta numerosi e variegati programmi per tutte ...","og_url":"https:\/\/pulainfo.hr\/it\/vanna-il-mago-luka-vidovic-e-babbo-natale-in-moto\/","og_site_name":"Tourism Office Pula","article_published_time":"2025-12-18T07:51:44+00:00","article_modified_time":"2025-12-18T09:59:58+00:00","og_image":[{"width":1620,"height":1080,"url":"https:\/\/pulainfo.hr\/wp-content\/uploads\/2025\/12\/Djed-Mraz.jpg","type":"image\/jpeg"}],"author":"Valentina Dudic","twitter_card":"summary_large_image","twitter_misc":{"Scritto da":"Valentina Dudic","Tempo di lettura stimato":"3 minuti"},"schema":{"@context":"https:\/\/schema.org","@graph":[{"@type":"Article","@id":"https:\/\/pulainfo.hr\/it\/vanna-il-mago-luka-vidovic-e-babbo-natale-in-moto\/#article","isPartOf":{"@id":"https:\/\/pulainfo.hr\/it\/vanna-il-mago-luka-vidovic-e-babbo-natale-in-moto\/"},"author":{"name":"Valentina Dudic","@id":"https:\/\/pulainfo.hr\/#\/schema\/person\/dc2ada394b351c9a9fd67dc21405e885"},"headline":"Vanna, il mago Luka Vidovi\u0107 e Babbo Natale in moto","datePublished":"2025-12-18T07:51:44+00:00","dateModified":"2025-12-18T09:59:58+00:00","mainEntityOfPage":{"@id":"https:\/\/pulainfo.hr\/it\/vanna-il-mago-luka-vidovic-e-babbo-natale-in-moto\/"},"wordCount":575,"publisher":{"@id":"https:\/\/pulainfo.hr\/#organization"},"image":{"@id":"https:\/\/pulainfo.hr\/it\/vanna-il-mago-luka-vidovic-e-babbo-natale-in-moto\/#primaryimage"},"thumbnailUrl":"https:\/\/pulainfo.hr\/wp-content\/uploads\/2025\/12\/Djed-Mraz.jpg","articleSection":["Notizie","Featured news"],"inLanguage":"it-IT"},{"@type":"WebPage","@id":"https:\/\/pulainfo.hr\/it\/vanna-il-mago-luka-vidovic-e-babbo-natale-in-moto\/","url":"https:\/\/pulainfo.hr\/it\/vanna-il-mago-luka-vidovic-e-babbo-natale-in-moto\/","name":"Vanna, il mago Luka Vidovi\u0107 e Babbo Natale in moto - Tourism Office Pula","isPartOf":{"@id":"https:\/\/pulainfo.hr\/#website"},"primaryImageOfPage":{"@id":"https:\/\/pulainfo.hr\/it\/vanna-il-mago-luka-vidovic-e-babbo-natale-in-moto\/#primaryimage"},"image":{"@id":"https:\/\/pulainfo.hr\/it\/vanna-il-mago-luka-vidovic-e-babbo-natale-in-moto\/#primaryimage"},"thumbnailUrl":"https:\/\/pulainfo.hr\/wp-content\/uploads\/2025\/12\/Djed-Mraz.jpg","datePublished":"2025-12-18T07:51:44+00:00","dateModified":"2025-12-18T09:59:58+00:00","breadcrumb":{"@id":"https:\/\/pulainfo.hr\/it\/vanna-il-mago-luka-vidovic-e-babbo-natale-in-moto\/#breadcrumb"},"inLanguage":"it-IT","potentialAction":[{"@type":"ReadAction","target":["https:\/\/pulainfo.hr\/it\/vanna-il-mago-luka-vidovic-e-babbo-natale-in-moto\/"]}]},{"@type":"ImageObject","inLanguage":"it-IT","@id":"https:\/\/pulainfo.hr\/it\/vanna-il-mago-luka-vidovic-e-babbo-natale-in-moto\/#primaryimage","url":"https:\/\/pulainfo.hr\/wp-content\/uploads\/2025\/12\/Djed-Mraz.jpg","contentUrl":"https:\/\/pulainfo.hr\/wp-content\/uploads\/2025\/12\/Djed-Mraz.jpg","width":1620,"height":1080},{"@type":"BreadcrumbList","@id":"https:\/\/pulainfo.hr\/it\/vanna-il-mago-luka-vidovic-e-babbo-natale-in-moto\/#breadcrumb","itemListElement":[{"@type":"ListItem","position":1,"name":"Po\u010detna stranica","item":"https:\/\/pulainfo.hr\/it\/"},{"@type":"ListItem","position":2,"name":"Vanna, il mago Luka Vidovi\u0107 e Babbo Natale in moto"}]},{"@type":"WebSite","@id":"https:\/\/pulainfo.hr\/#website","url":"https:\/\/pulainfo.hr\/","name":"Tourism Office Pula","description":"Tourism Office Pula - Official web site","publisher":{"@id":"https:\/\/pulainfo.hr\/#organization"},"potentialAction":[{"@type":"SearchAction","target":{"@type":"EntryPoint","urlTemplate":"https:\/\/pulainfo.hr\/?s={search_term_string}"},"query-input":{"@type":"PropertyValueSpecification","valueRequired":true,"valueName":"search_term_string"}}],"inLanguage":"it-IT"},{"@type":"Organization","@id":"https:\/\/pulainfo.hr\/#organization","name":"Tourism Office Pula","url":"https:\/\/pulainfo.hr\/","logo":{"@type":"ImageObject","inLanguage":"it-IT","@id":"https:\/\/pulainfo.hr\/#\/schema\/logo\/image\/","url":"https:\/\/pulainfo.hr\/wp-content\/uploads\/2023\/10\/logo.svg","contentUrl":"https:\/\/pulainfo.hr\/wp-content\/uploads\/2023\/10\/logo.svg","width":171,"height":59,"caption":"Tourism Office Pula"},"image":{"@id":"https:\/\/pulainfo.hr\/#\/schema\/logo\/image\/"}},{"@type":"Person","@id":"https:\/\/pulainfo.hr\/#\/schema\/person\/dc2ada394b351c9a9fd67dc21405e885","name":"Valentina Dudic","image":{"@type":"ImageObject","inLanguage":"it-IT","@id":"https:\/\/secure.gravatar.com\/avatar\/025da990e05772ca2d158c68c1d4013ad5febc3f765c0e1957f6bb937bda74ac?s=96&d=mm&r=g","url":"https:\/\/secure.gravatar.com\/avatar\/025da990e05772ca2d158c68c1d4013ad5febc3f765c0e1957f6bb937bda74ac?s=96&d=mm&r=g","contentUrl":"https:\/\/secure.gravatar.com\/avatar\/025da990e05772ca2d158c68c1d4013ad5febc3f765c0e1957f6bb937bda74ac?s=96&d=mm&r=g","caption":"Valentina Dudic"},"url":"https:\/\/pulainfo.hr\/it\/author\/valentina-dudic\/"}]}},"_links":{"self":[{"href":"https:\/\/pulainfo.hr\/it\/wp-json\/wp\/v2\/posts\/29882","targetHints":{"allow":["GET"]}}],"collection":[{"href":"https:\/\/pulainfo.hr\/it\/wp-json\/wp\/v2\/posts"}],"about":[{"href":"https:\/\/pulainfo.hr\/it\/wp-json\/wp\/v2\/types\/post"}],"author":[{"embeddable":true,"href":"https:\/\/pulainfo.hr\/it\/wp-json\/wp\/v2\/users\/8"}],"replies":[{"embeddable":true,"href":"https:\/\/pulainfo.hr\/it\/wp-json\/wp\/v2\/comments?post=29882"}],"version-history":[{"count":1,"href":"https:\/\/pulainfo.hr\/it\/wp-json\/wp\/v2\/posts\/29882\/revisions"}],"predecessor-version":[{"id":29883,"href":"https:\/\/pulainfo.hr\/it\/wp-json\/wp\/v2\/posts\/29882\/revisions\/29883"}],"wp:featuredmedia":[{"embeddable":true,"href":"https:\/\/pulainfo.hr\/it\/wp-json\/wp\/v2\/media\/29872"}],"wp:attachment":[{"href":"https:\/\/pulainfo.hr\/it\/wp-json\/wp\/v2\/media?parent=29882"}],"wp:term":[{"taxonomy":"category","embeddable":true,"href":"https:\/\/pulainfo.hr\/it\/wp-json\/wp\/v2\/categories?post=29882"},{"taxonomy":"post_tag","embeddable":true,"href":"https:\/\/pulainfo.hr\/it\/wp-json\/wp\/v2\/tags?post=29882"}],"curies":[{"name":"wp","href":"https:\/\/api.w.org\/{rel}","templated":true}]}}