{"id":20229,"date":"2024-12-17T11:59:54","date_gmt":"2024-12-17T10:59:54","guid":{"rendered":"https:\/\/pulainfo.hr\/?p=20229"},"modified":"2024-12-17T12:01:02","modified_gmt":"2024-12-17T11:01:02","slug":"scene-fiabesche-e-pattinatori-sul-ghiaccio-inaugurato-il-primo-avvento-allarena","status":"publish","type":"post","link":"https:\/\/pulainfo.hr\/it\/scene-fiabesche-e-pattinatori-sul-ghiaccio-inaugurato-il-primo-avvento-allarena\/","title":{"rendered":"Scene fiabesche e pattinatori sul ghiaccio: inaugurato il primo Avvento all\u2019Arena!"},"content":{"rendered":"<p><span lang=\"IT\">Questo venerd\u00ec, l\u2019Arena di Pola ha brillato per la prima volta nel suo splendore natalizio, accogliendo un folto pubblico. Un programma che ha visto la partecipazione di ben 50 artisti, insieme all\u2019accensione delle decorazioni natalizie, ha segnato ufficialmente l\u2019inizio dell\u2019Avvento all\u2019Arena.<u><\/u><u><\/u><\/span><\/p>\n<p><span lang=\"IT\">L\u2019esperienza visiva e le scenografie spettacolari hanno incantato i visitatori, mentre gli elementi decorativi esclusivi dell\u2019anfiteatro si sono trasformati immediatamente nello sfondo perfetto per foto ricordo. All\u2019ingresso, un porticato lungo 8 metri, scintillante di luci, accoglie i visitatori e li conduce verso la magia del Natale. Le tribune, completamente innevate e decorate con 111 pini illuminati, fanno da cornice a una biga romana con due cavalli stilizzati, collocata tra le caratteristiche casette dell\u2019Avvento. Passeggiando, i visitatori possono incontrare anche figure di costruttori di fate, evocative di antiche leggende, mentre dietro le bancarelle si snodano tre suggestivi tunnel luminosi. Il tunnel centrale, trasformato dal Visualia Group \u2013 collettivo specializzato in installazioni luminose \u2013 in un\u2019affascinante storia natalizia, cattura l\u2019attenzione grazie a proiezioni tematiche che lasciano il pubblico senza parole.<u><\/u><u><\/u><\/span><\/p>\n<p><span lang=\"IT\">\u201cSiamo estremamente orgogliosi di essere gli ideatori dell\u2019Avvento all\u2019Arena e felici di aver trasformato ogni idea in realt\u00e0, esattamente come era stata concepita. Ringraziamo la Citt\u00e0 di Pola, il Pula Film Festival e l\u2019Ente per il turismo di Pola per l\u2019opportunit\u00e0 di collaborare a un progetto che, ne siamo certi, avr\u00e0 un impatto significativo in tutta la regione. Un ringraziamento speciale va anche a tutti coloro che hanno contribuito a rendere l\u2019Arena una fiaba natalizia. L\u2019alta affluenza gi\u00e0 dal primo giorno ci rende fieri del risultato. Crediamo che l\u2019Avvento diventer\u00e0 un motivo per visitare Pola e che i visitatori lasceranno l\u2019Arena con ricordi indimenticabili, desiderosi di tornare,\u201d ha dichiarato Vedran Babi\u0107 di Inspiro Lab.<u><\/u><u><\/u><\/span><\/p>\n<p><span lang=\"IT\">Al centro dell\u2019Arena si trova una spaziosa pista di pattinaggio, che ha attirato i primi pattinatori fin dall\u2019inaugurazione. La societ\u00e0 di pattinaggio artistico Medo di Zagabria ha inaugurato il ghiaccio con esibizioni ispirate a fiabe, animate da costumi incantevoli, scenografie spettacolari e musiche da balletto. La musicista polese Kristina Ivekovi\u0107 ha contribuito a creare un\u2019atmosfera magica con la sua straordinaria interpretazione di\u00a0<em>All I Want for Christmas<\/em>, che ha segnato l\u2019apertura ufficiale della pista di pattinaggio.<u><\/u><u><\/u><\/span><\/p>\n<p><span lang=\"IT\">\u201cL\u2019apertura della prima pista di pattinaggio nell\u2019Arena di Pola rappresenta un traguardo importante. Come leader regionale con anni di esperienza nella produzione e nel noleggio di piste di pattinaggio e attrezzature, siamo entusiasti di aver partecipato a questo straordinario evento in un contesto storico unico. Il progetto ha combinato la nostra esperienza tecnica con la possibilit\u00e0 di collaborare con la Citt\u00e0 di Pola, il Pula Film Festival, Inspiro Lab e i nostri partner \u017diviice e Company Logistic j.d.o.o. per offrire un\u2019esperienza invernale indimenticabile. Siamo grati per la fiducia accordata e per l\u2019eccezionale collaborazione ricevuta. Essere parte di un evento di questa portata \u00e8 un vero onore,\u201d ha affermato Denis Ventin, procuratore di Arctic d.o.o.<u><\/u><u><\/u><\/span><\/p>\n<p><span lang=\"IT\">I visitatori potranno immergersi in questa magica storia natalizia fino al 6 gennaio 2025. L\u2019Avvento all\u2019Arena sar\u00e0 aperto al pubblico dal luned\u00ec al gioved\u00ec, dalle 10:00 alle 22:00, e il venerd\u00ec e il sabato fino alle 23:00. L\u2019ingresso all\u2019anfiteatro \u00e8 gratuito per tutti.<\/span><\/p>\n","protected":false},"excerpt":{"rendered":"<p>Questo venerd\u00ec, l\u2019Arena di Pola ha brillato per la prima volta nel suo splendore natalizio, &#8230;<\/p>\n","protected":false},"author":8,"featured_media":20204,"comment_status":"closed","ping_status":"closed","sticky":false,"template":"","format":"standard","meta":{"_acf_changed":false,"inline_featured_image":false,"footnotes":""},"categories":[146,141],"tags":[],"class_list":["post-20229","post","type-post","status-publish","format-standard","has-post-thumbnail","hentry","category-notizie","category-featured-news-it"],"acf":[],"yoast_head":"<!-- This site is optimized with the Yoast SEO plugin v27.4 - https:\/\/yoast.com\/product\/yoast-seo-wordpress\/ -->\n<title>Scene fiabesche e pattinatori sul ghiaccio: inaugurato il primo Avvento all\u2019Arena! - Tourism Office Pula<\/title>\n<meta name=\"robots\" content=\"index, follow, max-snippet:-1, max-image-preview:large, max-video-preview:-1\" \/>\n<link rel=\"canonical\" href=\"https:\/\/pulainfo.hr\/it\/scene-fiabesche-e-pattinatori-sul-ghiaccio-inaugurato-il-primo-avvento-allarena\/\" \/>\n<meta property=\"og:locale\" content=\"it_IT\" \/>\n<meta property=\"og:type\" content=\"article\" \/>\n<meta property=\"og:title\" content=\"Scene fiabesche e pattinatori sul ghiaccio: inaugurato il primo Avvento all\u2019Arena! - Tourism Office Pula\" \/>\n<meta property=\"og:description\" content=\"Questo venerd\u00ec, l\u2019Arena di Pola ha brillato per la prima volta nel suo splendore natalizio, ...\" \/>\n<meta property=\"og:url\" content=\"https:\/\/pulainfo.hr\/it\/scene-fiabesche-e-pattinatori-sul-ghiaccio-inaugurato-il-primo-avvento-allarena\/\" \/>\n<meta property=\"og:site_name\" content=\"Tourism Office Pula\" \/>\n<meta property=\"article:published_time\" content=\"2024-12-17T10:59:54+00:00\" \/>\n<meta property=\"article:modified_time\" content=\"2024-12-17T11:01:02+00:00\" \/>\n<meta property=\"og:image\" content=\"https:\/\/pulainfo.hr\/wp-content\/uploads\/2024\/12\/arena_advent4-061224-scaled.jpg\" \/>\n\t<meta property=\"og:image:width\" content=\"2560\" \/>\n\t<meta property=\"og:image:height\" content=\"1920\" \/>\n\t<meta property=\"og:image:type\" content=\"image\/jpeg\" \/>\n<meta name=\"author\" content=\"Valentina Dudic\" \/>\n<meta name=\"twitter:card\" content=\"summary_large_image\" \/>\n<meta name=\"twitter:label1\" content=\"Scritto da\" \/>\n\t<meta name=\"twitter:data1\" content=\"Valentina Dudic\" \/>\n\t<meta name=\"twitter:label2\" content=\"Tempo di lettura stimato\" \/>\n\t<meta name=\"twitter:data2\" content=\"3 minuti\" \/>\n<script type=\"application\/ld+json\" class=\"yoast-schema-graph\">{\"@context\":\"https:\\\/\\\/schema.org\",\"@graph\":[{\"@type\":\"Article\",\"@id\":\"https:\\\/\\\/pulainfo.hr\\\/it\\\/scene-fiabesche-e-pattinatori-sul-ghiaccio-inaugurato-il-primo-avvento-allarena\\\/#article\",\"isPartOf\":{\"@id\":\"https:\\\/\\\/pulainfo.hr\\\/it\\\/scene-fiabesche-e-pattinatori-sul-ghiaccio-inaugurato-il-primo-avvento-allarena\\\/\"},\"author\":{\"name\":\"Valentina Dudic\",\"@id\":\"https:\\\/\\\/pulainfo.hr\\\/#\\\/schema\\\/person\\\/dc2ada394b351c9a9fd67dc21405e885\"},\"headline\":\"Scene fiabesche e pattinatori sul ghiaccio: inaugurato il primo Avvento all\u2019Arena!\",\"datePublished\":\"2024-12-17T10:59:54+00:00\",\"dateModified\":\"2024-12-17T11:01:02+00:00\",\"mainEntityOfPage\":{\"@id\":\"https:\\\/\\\/pulainfo.hr\\\/it\\\/scene-fiabesche-e-pattinatori-sul-ghiaccio-inaugurato-il-primo-avvento-allarena\\\/\"},\"wordCount\":552,\"publisher\":{\"@id\":\"https:\\\/\\\/pulainfo.hr\\\/#organization\"},\"image\":{\"@id\":\"https:\\\/\\\/pulainfo.hr\\\/it\\\/scene-fiabesche-e-pattinatori-sul-ghiaccio-inaugurato-il-primo-avvento-allarena\\\/#primaryimage\"},\"thumbnailUrl\":\"https:\\\/\\\/pulainfo.hr\\\/wp-content\\\/uploads\\\/2024\\\/12\\\/arena_advent4-061224-scaled.jpg\",\"articleSection\":[\"Notizie\",\"Featured news\"],\"inLanguage\":\"it-IT\"},{\"@type\":\"WebPage\",\"@id\":\"https:\\\/\\\/pulainfo.hr\\\/it\\\/scene-fiabesche-e-pattinatori-sul-ghiaccio-inaugurato-il-primo-avvento-allarena\\\/\",\"url\":\"https:\\\/\\\/pulainfo.hr\\\/it\\\/scene-fiabesche-e-pattinatori-sul-ghiaccio-inaugurato-il-primo-avvento-allarena\\\/\",\"name\":\"Scene fiabesche e pattinatori sul ghiaccio: inaugurato il primo Avvento all\u2019Arena! - Tourism Office Pula\",\"isPartOf\":{\"@id\":\"https:\\\/\\\/pulainfo.hr\\\/#website\"},\"primaryImageOfPage\":{\"@id\":\"https:\\\/\\\/pulainfo.hr\\\/it\\\/scene-fiabesche-e-pattinatori-sul-ghiaccio-inaugurato-il-primo-avvento-allarena\\\/#primaryimage\"},\"image\":{\"@id\":\"https:\\\/\\\/pulainfo.hr\\\/it\\\/scene-fiabesche-e-pattinatori-sul-ghiaccio-inaugurato-il-primo-avvento-allarena\\\/#primaryimage\"},\"thumbnailUrl\":\"https:\\\/\\\/pulainfo.hr\\\/wp-content\\\/uploads\\\/2024\\\/12\\\/arena_advent4-061224-scaled.jpg\",\"datePublished\":\"2024-12-17T10:59:54+00:00\",\"dateModified\":\"2024-12-17T11:01:02+00:00\",\"breadcrumb\":{\"@id\":\"https:\\\/\\\/pulainfo.hr\\\/it\\\/scene-fiabesche-e-pattinatori-sul-ghiaccio-inaugurato-il-primo-avvento-allarena\\\/#breadcrumb\"},\"inLanguage\":\"it-IT\",\"potentialAction\":[{\"@type\":\"ReadAction\",\"target\":[\"https:\\\/\\\/pulainfo.hr\\\/it\\\/scene-fiabesche-e-pattinatori-sul-ghiaccio-inaugurato-il-primo-avvento-allarena\\\/\"]}]},{\"@type\":\"ImageObject\",\"inLanguage\":\"it-IT\",\"@id\":\"https:\\\/\\\/pulainfo.hr\\\/it\\\/scene-fiabesche-e-pattinatori-sul-ghiaccio-inaugurato-il-primo-avvento-allarena\\\/#primaryimage\",\"url\":\"https:\\\/\\\/pulainfo.hr\\\/wp-content\\\/uploads\\\/2024\\\/12\\\/arena_advent4-061224-scaled.jpg\",\"contentUrl\":\"https:\\\/\\\/pulainfo.hr\\\/wp-content\\\/uploads\\\/2024\\\/12\\\/arena_advent4-061224-scaled.jpg\",\"width\":2560,\"height\":1920},{\"@type\":\"BreadcrumbList\",\"@id\":\"https:\\\/\\\/pulainfo.hr\\\/it\\\/scene-fiabesche-e-pattinatori-sul-ghiaccio-inaugurato-il-primo-avvento-allarena\\\/#breadcrumb\",\"itemListElement\":[{\"@type\":\"ListItem\",\"position\":1,\"name\":\"Po\u010detna stranica\",\"item\":\"https:\\\/\\\/pulainfo.hr\\\/it\\\/\"},{\"@type\":\"ListItem\",\"position\":2,\"name\":\"Scene fiabesche e pattinatori sul ghiaccio: inaugurato il primo Avvento all\u2019Arena!\"}]},{\"@type\":\"WebSite\",\"@id\":\"https:\\\/\\\/pulainfo.hr\\\/#website\",\"url\":\"https:\\\/\\\/pulainfo.hr\\\/\",\"name\":\"Tourism Office Pula\",\"description\":\"Tourism Office Pula - Official web site\",\"publisher\":{\"@id\":\"https:\\\/\\\/pulainfo.hr\\\/#organization\"},\"potentialAction\":[{\"@type\":\"SearchAction\",\"target\":{\"@type\":\"EntryPoint\",\"urlTemplate\":\"https:\\\/\\\/pulainfo.hr\\\/?s={search_term_string}\"},\"query-input\":{\"@type\":\"PropertyValueSpecification\",\"valueRequired\":true,\"valueName\":\"search_term_string\"}}],\"inLanguage\":\"it-IT\"},{\"@type\":\"Organization\",\"@id\":\"https:\\\/\\\/pulainfo.hr\\\/#organization\",\"name\":\"Tourism Office Pula\",\"url\":\"https:\\\/\\\/pulainfo.hr\\\/\",\"logo\":{\"@type\":\"ImageObject\",\"inLanguage\":\"it-IT\",\"@id\":\"https:\\\/\\\/pulainfo.hr\\\/#\\\/schema\\\/logo\\\/image\\\/\",\"url\":\"https:\\\/\\\/pulainfo.hr\\\/wp-content\\\/uploads\\\/2023\\\/10\\\/logo.svg\",\"contentUrl\":\"https:\\\/\\\/pulainfo.hr\\\/wp-content\\\/uploads\\\/2023\\\/10\\\/logo.svg\",\"width\":171,\"height\":59,\"caption\":\"Tourism Office Pula\"},\"image\":{\"@id\":\"https:\\\/\\\/pulainfo.hr\\\/#\\\/schema\\\/logo\\\/image\\\/\"}},{\"@type\":\"Person\",\"@id\":\"https:\\\/\\\/pulainfo.hr\\\/#\\\/schema\\\/person\\\/dc2ada394b351c9a9fd67dc21405e885\",\"name\":\"Valentina Dudic\",\"image\":{\"@type\":\"ImageObject\",\"inLanguage\":\"it-IT\",\"@id\":\"https:\\\/\\\/secure.gravatar.com\\\/avatar\\\/025da990e05772ca2d158c68c1d4013ad5febc3f765c0e1957f6bb937bda74ac?s=96&d=mm&r=g\",\"url\":\"https:\\\/\\\/secure.gravatar.com\\\/avatar\\\/025da990e05772ca2d158c68c1d4013ad5febc3f765c0e1957f6bb937bda74ac?s=96&d=mm&r=g\",\"contentUrl\":\"https:\\\/\\\/secure.gravatar.com\\\/avatar\\\/025da990e05772ca2d158c68c1d4013ad5febc3f765c0e1957f6bb937bda74ac?s=96&d=mm&r=g\",\"caption\":\"Valentina Dudic\"},\"url\":\"https:\\\/\\\/pulainfo.hr\\\/it\\\/author\\\/valentina-dudic\\\/\"}]}<\/script>\n<!-- \/ Yoast SEO plugin. -->","yoast_head_json":{"title":"Scene fiabesche e pattinatori sul ghiaccio: inaugurato il primo Avvento all\u2019Arena! - Tourism Office Pula","robots":{"index":"index","follow":"follow","max-snippet":"max-snippet:-1","max-image-preview":"max-image-preview:large","max-video-preview":"max-video-preview:-1"},"canonical":"https:\/\/pulainfo.hr\/it\/scene-fiabesche-e-pattinatori-sul-ghiaccio-inaugurato-il-primo-avvento-allarena\/","og_locale":"it_IT","og_type":"article","og_title":"Scene fiabesche e pattinatori sul ghiaccio: inaugurato il primo Avvento all\u2019Arena! - Tourism Office Pula","og_description":"Questo venerd\u00ec, l\u2019Arena di Pola ha brillato per la prima volta nel suo splendore natalizio, ...","og_url":"https:\/\/pulainfo.hr\/it\/scene-fiabesche-e-pattinatori-sul-ghiaccio-inaugurato-il-primo-avvento-allarena\/","og_site_name":"Tourism Office Pula","article_published_time":"2024-12-17T10:59:54+00:00","article_modified_time":"2024-12-17T11:01:02+00:00","og_image":[{"width":2560,"height":1920,"url":"https:\/\/pulainfo.hr\/wp-content\/uploads\/2024\/12\/arena_advent4-061224-scaled.jpg","type":"image\/jpeg"}],"author":"Valentina Dudic","twitter_card":"summary_large_image","twitter_misc":{"Scritto da":"Valentina Dudic","Tempo di lettura stimato":"3 minuti"},"schema":{"@context":"https:\/\/schema.org","@graph":[{"@type":"Article","@id":"https:\/\/pulainfo.hr\/it\/scene-fiabesche-e-pattinatori-sul-ghiaccio-inaugurato-il-primo-avvento-allarena\/#article","isPartOf":{"@id":"https:\/\/pulainfo.hr\/it\/scene-fiabesche-e-pattinatori-sul-ghiaccio-inaugurato-il-primo-avvento-allarena\/"},"author":{"name":"Valentina Dudic","@id":"https:\/\/pulainfo.hr\/#\/schema\/person\/dc2ada394b351c9a9fd67dc21405e885"},"headline":"Scene fiabesche e pattinatori sul ghiaccio: inaugurato il primo Avvento all\u2019Arena!","datePublished":"2024-12-17T10:59:54+00:00","dateModified":"2024-12-17T11:01:02+00:00","mainEntityOfPage":{"@id":"https:\/\/pulainfo.hr\/it\/scene-fiabesche-e-pattinatori-sul-ghiaccio-inaugurato-il-primo-avvento-allarena\/"},"wordCount":552,"publisher":{"@id":"https:\/\/pulainfo.hr\/#organization"},"image":{"@id":"https:\/\/pulainfo.hr\/it\/scene-fiabesche-e-pattinatori-sul-ghiaccio-inaugurato-il-primo-avvento-allarena\/#primaryimage"},"thumbnailUrl":"https:\/\/pulainfo.hr\/wp-content\/uploads\/2024\/12\/arena_advent4-061224-scaled.jpg","articleSection":["Notizie","Featured news"],"inLanguage":"it-IT"},{"@type":"WebPage","@id":"https:\/\/pulainfo.hr\/it\/scene-fiabesche-e-pattinatori-sul-ghiaccio-inaugurato-il-primo-avvento-allarena\/","url":"https:\/\/pulainfo.hr\/it\/scene-fiabesche-e-pattinatori-sul-ghiaccio-inaugurato-il-primo-avvento-allarena\/","name":"Scene fiabesche e pattinatori sul ghiaccio: inaugurato il primo Avvento all\u2019Arena! - Tourism Office Pula","isPartOf":{"@id":"https:\/\/pulainfo.hr\/#website"},"primaryImageOfPage":{"@id":"https:\/\/pulainfo.hr\/it\/scene-fiabesche-e-pattinatori-sul-ghiaccio-inaugurato-il-primo-avvento-allarena\/#primaryimage"},"image":{"@id":"https:\/\/pulainfo.hr\/it\/scene-fiabesche-e-pattinatori-sul-ghiaccio-inaugurato-il-primo-avvento-allarena\/#primaryimage"},"thumbnailUrl":"https:\/\/pulainfo.hr\/wp-content\/uploads\/2024\/12\/arena_advent4-061224-scaled.jpg","datePublished":"2024-12-17T10:59:54+00:00","dateModified":"2024-12-17T11:01:02+00:00","breadcrumb":{"@id":"https:\/\/pulainfo.hr\/it\/scene-fiabesche-e-pattinatori-sul-ghiaccio-inaugurato-il-primo-avvento-allarena\/#breadcrumb"},"inLanguage":"it-IT","potentialAction":[{"@type":"ReadAction","target":["https:\/\/pulainfo.hr\/it\/scene-fiabesche-e-pattinatori-sul-ghiaccio-inaugurato-il-primo-avvento-allarena\/"]}]},{"@type":"ImageObject","inLanguage":"it-IT","@id":"https:\/\/pulainfo.hr\/it\/scene-fiabesche-e-pattinatori-sul-ghiaccio-inaugurato-il-primo-avvento-allarena\/#primaryimage","url":"https:\/\/pulainfo.hr\/wp-content\/uploads\/2024\/12\/arena_advent4-061224-scaled.jpg","contentUrl":"https:\/\/pulainfo.hr\/wp-content\/uploads\/2024\/12\/arena_advent4-061224-scaled.jpg","width":2560,"height":1920},{"@type":"BreadcrumbList","@id":"https:\/\/pulainfo.hr\/it\/scene-fiabesche-e-pattinatori-sul-ghiaccio-inaugurato-il-primo-avvento-allarena\/#breadcrumb","itemListElement":[{"@type":"ListItem","position":1,"name":"Po\u010detna stranica","item":"https:\/\/pulainfo.hr\/it\/"},{"@type":"ListItem","position":2,"name":"Scene fiabesche e pattinatori sul ghiaccio: inaugurato il primo Avvento all\u2019Arena!"}]},{"@type":"WebSite","@id":"https:\/\/pulainfo.hr\/#website","url":"https:\/\/pulainfo.hr\/","name":"Tourism Office Pula","description":"Tourism Office Pula - Official web site","publisher":{"@id":"https:\/\/pulainfo.hr\/#organization"},"potentialAction":[{"@type":"SearchAction","target":{"@type":"EntryPoint","urlTemplate":"https:\/\/pulainfo.hr\/?s={search_term_string}"},"query-input":{"@type":"PropertyValueSpecification","valueRequired":true,"valueName":"search_term_string"}}],"inLanguage":"it-IT"},{"@type":"Organization","@id":"https:\/\/pulainfo.hr\/#organization","name":"Tourism Office Pula","url":"https:\/\/pulainfo.hr\/","logo":{"@type":"ImageObject","inLanguage":"it-IT","@id":"https:\/\/pulainfo.hr\/#\/schema\/logo\/image\/","url":"https:\/\/pulainfo.hr\/wp-content\/uploads\/2023\/10\/logo.svg","contentUrl":"https:\/\/pulainfo.hr\/wp-content\/uploads\/2023\/10\/logo.svg","width":171,"height":59,"caption":"Tourism Office Pula"},"image":{"@id":"https:\/\/pulainfo.hr\/#\/schema\/logo\/image\/"}},{"@type":"Person","@id":"https:\/\/pulainfo.hr\/#\/schema\/person\/dc2ada394b351c9a9fd67dc21405e885","name":"Valentina Dudic","image":{"@type":"ImageObject","inLanguage":"it-IT","@id":"https:\/\/secure.gravatar.com\/avatar\/025da990e05772ca2d158c68c1d4013ad5febc3f765c0e1957f6bb937bda74ac?s=96&d=mm&r=g","url":"https:\/\/secure.gravatar.com\/avatar\/025da990e05772ca2d158c68c1d4013ad5febc3f765c0e1957f6bb937bda74ac?s=96&d=mm&r=g","contentUrl":"https:\/\/secure.gravatar.com\/avatar\/025da990e05772ca2d158c68c1d4013ad5febc3f765c0e1957f6bb937bda74ac?s=96&d=mm&r=g","caption":"Valentina Dudic"},"url":"https:\/\/pulainfo.hr\/it\/author\/valentina-dudic\/"}]}},"_links":{"self":[{"href":"https:\/\/pulainfo.hr\/it\/wp-json\/wp\/v2\/posts\/20229","targetHints":{"allow":["GET"]}}],"collection":[{"href":"https:\/\/pulainfo.hr\/it\/wp-json\/wp\/v2\/posts"}],"about":[{"href":"https:\/\/pulainfo.hr\/it\/wp-json\/wp\/v2\/types\/post"}],"author":[{"embeddable":true,"href":"https:\/\/pulainfo.hr\/it\/wp-json\/wp\/v2\/users\/8"}],"replies":[{"embeddable":true,"href":"https:\/\/pulainfo.hr\/it\/wp-json\/wp\/v2\/comments?post=20229"}],"version-history":[{"count":1,"href":"https:\/\/pulainfo.hr\/it\/wp-json\/wp\/v2\/posts\/20229\/revisions"}],"predecessor-version":[{"id":20230,"href":"https:\/\/pulainfo.hr\/it\/wp-json\/wp\/v2\/posts\/20229\/revisions\/20230"}],"wp:featuredmedia":[{"embeddable":true,"href":"https:\/\/pulainfo.hr\/it\/wp-json\/wp\/v2\/media\/20204"}],"wp:attachment":[{"href":"https:\/\/pulainfo.hr\/it\/wp-json\/wp\/v2\/media?parent=20229"}],"wp:term":[{"taxonomy":"category","embeddable":true,"href":"https:\/\/pulainfo.hr\/it\/wp-json\/wp\/v2\/categories?post=20229"},{"taxonomy":"post_tag","embeddable":true,"href":"https:\/\/pulainfo.hr\/it\/wp-json\/wp\/v2\/tags?post=20229"}],"curies":[{"name":"wp","href":"https:\/\/api.w.org\/{rel}","templated":true}]}}