{"id":19897,"date":"2024-12-04T11:44:12","date_gmt":"2024-12-04T10:44:12","guid":{"rendered":"https:\/\/pulainfo.hr\/?p=19897"},"modified":"2024-12-04T14:38:17","modified_gmt":"2024-12-04T13:38:17","slug":"unabbondanza-di-programmi-per-bambini-larrivo-di-san-nicolo-e-rambo-amadeus","status":"publish","type":"post","link":"https:\/\/pulainfo.hr\/it\/unabbondanza-di-programmi-per-bambini-larrivo-di-san-nicolo-e-rambo-amadeus\/","title":{"rendered":"Un\u2019abbondanza di programmi per bambini, l\u2019arrivo di San Nicol\u00f2 e Rambo Amadeus"},"content":{"rendered":"<p>La prossima settimana dell\u2019Avvento offrir\u00e0 numerosi eventi per bambini, l\u2019arrivo di San Nicol\u00f2 e la spettacolare inaugurazione della pista di ghiaccio nell\u2019anfiteatro.<\/p>\n<p><strong>Programma dettagliato degli eventi:<\/strong><\/p>\n<ul>\n<li><strong>4 dicembre<\/strong>: Nel Parco della Citt\u00e0 di Graz, il coro della Scuola Elementare Monte Zaro si esibir\u00e0 alle ore 17:00, seguito dal coro della Chiesa di Sant\u2019Antuna \u201cLjiljani\u201d alle 17:30. Alle ore 18:00, il duo della Scuola Elementare Centar, accompagnato da un gruppo di ballo, chiuder\u00e0 la serata.<\/li>\n<li><strong>5 dicembre<\/strong>: SvilArt presenter\u00e0 la performance su seta intitolata\u00a0<em>Aria &amp; Fiamma<\/em>\u00a0in Piazza Port\u2019Aurea alle ore 17:00. La serata si accender\u00e0 con DJ Nice, che animer\u00e0 i Giardini mercoled\u00ec e gioved\u00ec dalle 20:00 alle 23:00.<\/li>\n<li><strong>6 dicembre<\/strong>:\n<ul>\n<li>La 30\u00aa Fiera del Libro in Istria e Monte Libri\u0107 organizzano l\u2019arrivo di San Nicol\u00f2 alle ore 10:00. San Nicol\u00f2 arriver\u00e0 su un cavallo bianco, accompagnato da una festosa processione di fate, angeli, marinai e tamburini, partendo dall\u2019Anfiteatro e dirigendosi verso la Casa dei Veterani Croati. Qui, come da tradizione, distribuir\u00e0 arance ai bambini della Fiera. I genitori potranno acquistare libri a prezzi scontati per farli regalare da San Nicol\u00f2.<\/li>\n<li>Alle ore 17:00, il Centro per l\u2019Inclusione e il Sostegno Sociale presenter\u00e0 uno spettacolo natalizio nel Parco della Citt\u00e0 di Graz.<\/li>\n<li>Alle 18:00, Karla Kri\u017eman e \u017deljka Kondi\u0107 Dabo presenteranno\u00a0<em>Il giro del mondo: Piace agli orsi il pan di zenzero?<\/em><\/li>\n<li>Alle 20:00, sotto la direzione di Bruno Krajcar e Radojka \u0160verko, si terr\u00e0 il tradizionale concerto\u00a0<em>L\u2019Avvento al Duomo<\/em>.<\/li>\n<li>Alle 21:30, Rambo Amadeus, con la partecipazione speciale di Alba Nacinovich, animer\u00e0 Piazza Port\u2019Aurea con una festa indimenticabile.<\/li>\n<\/ul>\n<\/li>\n<li><strong>7 dicembre<\/strong>:\n<ul>\n<li>Alle ore 10:30, nel Parco della Citt\u00e0 di Graz, si terr\u00e0 lo spettacolo di illusionismo del mago Stefano.<\/li>\n<li>Alle 17:00 avr\u00e0 inizio il gioco di ricerca\u00a0<em>Chi ha rapito Rudolf?<\/em>, condotto da \u017duti Ki\u0161obran.<\/li>\n<li>Alle 20:30, Livio Morosin e la sua band proporranno un mix di musica pop, rock ed etno in Piazza Port\u2019Aurea.<\/li>\n<\/ul>\n<\/li>\n<li><strong>8 dicembre<\/strong>: Alle ore 11:00, la seconda candela dell\u2019Avvento sar\u00e0 accesa presso la fontana di via Ciscutti.<\/li>\n<\/ul>\n","protected":false},"excerpt":{"rendered":"<p>La prossima settimana dell\u2019Avvento offrir\u00e0 numerosi eventi per bambini, l\u2019arrivo di San Nicol\u00f2 e la &#8230;<\/p>\n","protected":false},"author":8,"featured_media":19854,"comment_status":"closed","ping_status":"closed","sticky":false,"template":"","format":"standard","meta":{"_acf_changed":false,"inline_featured_image":false,"footnotes":""},"categories":[446,146,141],"tags":[],"class_list":["post-19897","post","type-post","status-publish","format-standard","has-post-thumbnail","hentry","category-sluzbene-novosti-it","category-notizie","category-featured-news-it"],"acf":[],"yoast_head":"<!-- This site is optimized with the Yoast SEO plugin v27.4 - https:\/\/yoast.com\/product\/yoast-seo-wordpress\/ -->\n<title>Un\u2019abbondanza di programmi per bambini, l\u2019arrivo di San Nicol\u00f2 e Rambo Amadeus - Tourism Office Pula<\/title>\n<meta name=\"robots\" content=\"index, follow, max-snippet:-1, max-image-preview:large, max-video-preview:-1\" \/>\n<link rel=\"canonical\" href=\"https:\/\/pulainfo.hr\/it\/unabbondanza-di-programmi-per-bambini-larrivo-di-san-nicolo-e-rambo-amadeus\/\" \/>\n<meta property=\"og:locale\" content=\"it_IT\" \/>\n<meta property=\"og:type\" content=\"article\" \/>\n<meta property=\"og:title\" content=\"Un\u2019abbondanza di programmi per bambini, l\u2019arrivo di San Nicol\u00f2 e Rambo Amadeus - Tourism Office Pula\" \/>\n<meta property=\"og:description\" content=\"La prossima settimana dell\u2019Avvento offrir\u00e0 numerosi eventi per bambini, l\u2019arrivo di San Nicol\u00f2 e la ...\" \/>\n<meta property=\"og:url\" content=\"https:\/\/pulainfo.hr\/it\/unabbondanza-di-programmi-per-bambini-larrivo-di-san-nicolo-e-rambo-amadeus\/\" \/>\n<meta property=\"og:site_name\" content=\"Tourism Office Pula\" \/>\n<meta property=\"article:published_time\" content=\"2024-12-04T10:44:12+00:00\" \/>\n<meta property=\"article:modified_time\" content=\"2024-12-04T13:38:17+00:00\" \/>\n<meta property=\"og:image\" content=\"https:\/\/pulainfo.hr\/wp-content\/uploads\/2024\/12\/2-Park-grada-Graza.jpg\" \/>\n\t<meta property=\"og:image:width\" content=\"1620\" \/>\n\t<meta property=\"og:image:height\" content=\"1080\" \/>\n\t<meta property=\"og:image:type\" content=\"image\/jpeg\" \/>\n<meta name=\"author\" content=\"Valentina Dudic\" \/>\n<meta name=\"twitter:card\" content=\"summary_large_image\" \/>\n<meta name=\"twitter:label1\" content=\"Scritto da\" \/>\n\t<meta name=\"twitter:data1\" content=\"Valentina Dudic\" \/>\n\t<meta name=\"twitter:label2\" content=\"Tempo di lettura stimato\" \/>\n\t<meta name=\"twitter:data2\" content=\"2 minuti\" \/>\n<script type=\"application\/ld+json\" class=\"yoast-schema-graph\">{\"@context\":\"https:\\\/\\\/schema.org\",\"@graph\":[{\"@type\":\"Article\",\"@id\":\"https:\\\/\\\/pulainfo.hr\\\/it\\\/unabbondanza-di-programmi-per-bambini-larrivo-di-san-nicolo-e-rambo-amadeus\\\/#article\",\"isPartOf\":{\"@id\":\"https:\\\/\\\/pulainfo.hr\\\/it\\\/unabbondanza-di-programmi-per-bambini-larrivo-di-san-nicolo-e-rambo-amadeus\\\/\"},\"author\":{\"name\":\"Valentina Dudic\",\"@id\":\"https:\\\/\\\/pulainfo.hr\\\/#\\\/schema\\\/person\\\/dc2ada394b351c9a9fd67dc21405e885\"},\"headline\":\"Un\u2019abbondanza di programmi per bambini, l\u2019arrivo di San Nicol\u00f2 e Rambo Amadeus\",\"datePublished\":\"2024-12-04T10:44:12+00:00\",\"dateModified\":\"2024-12-04T13:38:17+00:00\",\"mainEntityOfPage\":{\"@id\":\"https:\\\/\\\/pulainfo.hr\\\/it\\\/unabbondanza-di-programmi-per-bambini-larrivo-di-san-nicolo-e-rambo-amadeus\\\/\"},\"wordCount\":340,\"publisher\":{\"@id\":\"https:\\\/\\\/pulainfo.hr\\\/#organization\"},\"image\":{\"@id\":\"https:\\\/\\\/pulainfo.hr\\\/it\\\/unabbondanza-di-programmi-per-bambini-larrivo-di-san-nicolo-e-rambo-amadeus\\\/#primaryimage\"},\"thumbnailUrl\":\"https:\\\/\\\/pulainfo.hr\\\/wp-content\\\/uploads\\\/2024\\\/12\\\/2-Park-grada-Graza.jpg\",\"articleSection\":[\"Slu\u017ebene novosti\",\"Notizie\",\"Featured news\"],\"inLanguage\":\"it-IT\"},{\"@type\":\"WebPage\",\"@id\":\"https:\\\/\\\/pulainfo.hr\\\/it\\\/unabbondanza-di-programmi-per-bambini-larrivo-di-san-nicolo-e-rambo-amadeus\\\/\",\"url\":\"https:\\\/\\\/pulainfo.hr\\\/it\\\/unabbondanza-di-programmi-per-bambini-larrivo-di-san-nicolo-e-rambo-amadeus\\\/\",\"name\":\"Un\u2019abbondanza di programmi per bambini, l\u2019arrivo di San Nicol\u00f2 e Rambo Amadeus - Tourism Office Pula\",\"isPartOf\":{\"@id\":\"https:\\\/\\\/pulainfo.hr\\\/#website\"},\"primaryImageOfPage\":{\"@id\":\"https:\\\/\\\/pulainfo.hr\\\/it\\\/unabbondanza-di-programmi-per-bambini-larrivo-di-san-nicolo-e-rambo-amadeus\\\/#primaryimage\"},\"image\":{\"@id\":\"https:\\\/\\\/pulainfo.hr\\\/it\\\/unabbondanza-di-programmi-per-bambini-larrivo-di-san-nicolo-e-rambo-amadeus\\\/#primaryimage\"},\"thumbnailUrl\":\"https:\\\/\\\/pulainfo.hr\\\/wp-content\\\/uploads\\\/2024\\\/12\\\/2-Park-grada-Graza.jpg\",\"datePublished\":\"2024-12-04T10:44:12+00:00\",\"dateModified\":\"2024-12-04T13:38:17+00:00\",\"breadcrumb\":{\"@id\":\"https:\\\/\\\/pulainfo.hr\\\/it\\\/unabbondanza-di-programmi-per-bambini-larrivo-di-san-nicolo-e-rambo-amadeus\\\/#breadcrumb\"},\"inLanguage\":\"it-IT\",\"potentialAction\":[{\"@type\":\"ReadAction\",\"target\":[\"https:\\\/\\\/pulainfo.hr\\\/it\\\/unabbondanza-di-programmi-per-bambini-larrivo-di-san-nicolo-e-rambo-amadeus\\\/\"]}]},{\"@type\":\"ImageObject\",\"inLanguage\":\"it-IT\",\"@id\":\"https:\\\/\\\/pulainfo.hr\\\/it\\\/unabbondanza-di-programmi-per-bambini-larrivo-di-san-nicolo-e-rambo-amadeus\\\/#primaryimage\",\"url\":\"https:\\\/\\\/pulainfo.hr\\\/wp-content\\\/uploads\\\/2024\\\/12\\\/2-Park-grada-Graza.jpg\",\"contentUrl\":\"https:\\\/\\\/pulainfo.hr\\\/wp-content\\\/uploads\\\/2024\\\/12\\\/2-Park-grada-Graza.jpg\",\"width\":1620,\"height\":1080},{\"@type\":\"BreadcrumbList\",\"@id\":\"https:\\\/\\\/pulainfo.hr\\\/it\\\/unabbondanza-di-programmi-per-bambini-larrivo-di-san-nicolo-e-rambo-amadeus\\\/#breadcrumb\",\"itemListElement\":[{\"@type\":\"ListItem\",\"position\":1,\"name\":\"Po\u010detna stranica\",\"item\":\"https:\\\/\\\/pulainfo.hr\\\/it\\\/\"},{\"@type\":\"ListItem\",\"position\":2,\"name\":\"Un\u2019abbondanza di programmi per bambini, l\u2019arrivo di San Nicol\u00f2 e Rambo Amadeus\"}]},{\"@type\":\"WebSite\",\"@id\":\"https:\\\/\\\/pulainfo.hr\\\/#website\",\"url\":\"https:\\\/\\\/pulainfo.hr\\\/\",\"name\":\"Tourism Office Pula\",\"description\":\"Tourism Office Pula - Official web site\",\"publisher\":{\"@id\":\"https:\\\/\\\/pulainfo.hr\\\/#organization\"},\"potentialAction\":[{\"@type\":\"SearchAction\",\"target\":{\"@type\":\"EntryPoint\",\"urlTemplate\":\"https:\\\/\\\/pulainfo.hr\\\/?s={search_term_string}\"},\"query-input\":{\"@type\":\"PropertyValueSpecification\",\"valueRequired\":true,\"valueName\":\"search_term_string\"}}],\"inLanguage\":\"it-IT\"},{\"@type\":\"Organization\",\"@id\":\"https:\\\/\\\/pulainfo.hr\\\/#organization\",\"name\":\"Tourism Office Pula\",\"url\":\"https:\\\/\\\/pulainfo.hr\\\/\",\"logo\":{\"@type\":\"ImageObject\",\"inLanguage\":\"it-IT\",\"@id\":\"https:\\\/\\\/pulainfo.hr\\\/#\\\/schema\\\/logo\\\/image\\\/\",\"url\":\"https:\\\/\\\/pulainfo.hr\\\/wp-content\\\/uploads\\\/2023\\\/10\\\/logo.svg\",\"contentUrl\":\"https:\\\/\\\/pulainfo.hr\\\/wp-content\\\/uploads\\\/2023\\\/10\\\/logo.svg\",\"width\":171,\"height\":59,\"caption\":\"Tourism Office Pula\"},\"image\":{\"@id\":\"https:\\\/\\\/pulainfo.hr\\\/#\\\/schema\\\/logo\\\/image\\\/\"}},{\"@type\":\"Person\",\"@id\":\"https:\\\/\\\/pulainfo.hr\\\/#\\\/schema\\\/person\\\/dc2ada394b351c9a9fd67dc21405e885\",\"name\":\"Valentina Dudic\",\"image\":{\"@type\":\"ImageObject\",\"inLanguage\":\"it-IT\",\"@id\":\"https:\\\/\\\/secure.gravatar.com\\\/avatar\\\/025da990e05772ca2d158c68c1d4013ad5febc3f765c0e1957f6bb937bda74ac?s=96&d=mm&r=g\",\"url\":\"https:\\\/\\\/secure.gravatar.com\\\/avatar\\\/025da990e05772ca2d158c68c1d4013ad5febc3f765c0e1957f6bb937bda74ac?s=96&d=mm&r=g\",\"contentUrl\":\"https:\\\/\\\/secure.gravatar.com\\\/avatar\\\/025da990e05772ca2d158c68c1d4013ad5febc3f765c0e1957f6bb937bda74ac?s=96&d=mm&r=g\",\"caption\":\"Valentina Dudic\"},\"url\":\"https:\\\/\\\/pulainfo.hr\\\/it\\\/author\\\/valentina-dudic\\\/\"}]}<\/script>\n<!-- \/ Yoast SEO plugin. -->","yoast_head_json":{"title":"Un\u2019abbondanza di programmi per bambini, l\u2019arrivo di San Nicol\u00f2 e Rambo Amadeus - Tourism Office Pula","robots":{"index":"index","follow":"follow","max-snippet":"max-snippet:-1","max-image-preview":"max-image-preview:large","max-video-preview":"max-video-preview:-1"},"canonical":"https:\/\/pulainfo.hr\/it\/unabbondanza-di-programmi-per-bambini-larrivo-di-san-nicolo-e-rambo-amadeus\/","og_locale":"it_IT","og_type":"article","og_title":"Un\u2019abbondanza di programmi per bambini, l\u2019arrivo di San Nicol\u00f2 e Rambo Amadeus - Tourism Office Pula","og_description":"La prossima settimana dell\u2019Avvento offrir\u00e0 numerosi eventi per bambini, l\u2019arrivo di San Nicol\u00f2 e la ...","og_url":"https:\/\/pulainfo.hr\/it\/unabbondanza-di-programmi-per-bambini-larrivo-di-san-nicolo-e-rambo-amadeus\/","og_site_name":"Tourism Office Pula","article_published_time":"2024-12-04T10:44:12+00:00","article_modified_time":"2024-12-04T13:38:17+00:00","og_image":[{"width":1620,"height":1080,"url":"https:\/\/pulainfo.hr\/wp-content\/uploads\/2024\/12\/2-Park-grada-Graza.jpg","type":"image\/jpeg"}],"author":"Valentina Dudic","twitter_card":"summary_large_image","twitter_misc":{"Scritto da":"Valentina Dudic","Tempo di lettura stimato":"2 minuti"},"schema":{"@context":"https:\/\/schema.org","@graph":[{"@type":"Article","@id":"https:\/\/pulainfo.hr\/it\/unabbondanza-di-programmi-per-bambini-larrivo-di-san-nicolo-e-rambo-amadeus\/#article","isPartOf":{"@id":"https:\/\/pulainfo.hr\/it\/unabbondanza-di-programmi-per-bambini-larrivo-di-san-nicolo-e-rambo-amadeus\/"},"author":{"name":"Valentina Dudic","@id":"https:\/\/pulainfo.hr\/#\/schema\/person\/dc2ada394b351c9a9fd67dc21405e885"},"headline":"Un\u2019abbondanza di programmi per bambini, l\u2019arrivo di San Nicol\u00f2 e Rambo Amadeus","datePublished":"2024-12-04T10:44:12+00:00","dateModified":"2024-12-04T13:38:17+00:00","mainEntityOfPage":{"@id":"https:\/\/pulainfo.hr\/it\/unabbondanza-di-programmi-per-bambini-larrivo-di-san-nicolo-e-rambo-amadeus\/"},"wordCount":340,"publisher":{"@id":"https:\/\/pulainfo.hr\/#organization"},"image":{"@id":"https:\/\/pulainfo.hr\/it\/unabbondanza-di-programmi-per-bambini-larrivo-di-san-nicolo-e-rambo-amadeus\/#primaryimage"},"thumbnailUrl":"https:\/\/pulainfo.hr\/wp-content\/uploads\/2024\/12\/2-Park-grada-Graza.jpg","articleSection":["Slu\u017ebene novosti","Notizie","Featured news"],"inLanguage":"it-IT"},{"@type":"WebPage","@id":"https:\/\/pulainfo.hr\/it\/unabbondanza-di-programmi-per-bambini-larrivo-di-san-nicolo-e-rambo-amadeus\/","url":"https:\/\/pulainfo.hr\/it\/unabbondanza-di-programmi-per-bambini-larrivo-di-san-nicolo-e-rambo-amadeus\/","name":"Un\u2019abbondanza di programmi per bambini, l\u2019arrivo di San Nicol\u00f2 e Rambo Amadeus - Tourism Office Pula","isPartOf":{"@id":"https:\/\/pulainfo.hr\/#website"},"primaryImageOfPage":{"@id":"https:\/\/pulainfo.hr\/it\/unabbondanza-di-programmi-per-bambini-larrivo-di-san-nicolo-e-rambo-amadeus\/#primaryimage"},"image":{"@id":"https:\/\/pulainfo.hr\/it\/unabbondanza-di-programmi-per-bambini-larrivo-di-san-nicolo-e-rambo-amadeus\/#primaryimage"},"thumbnailUrl":"https:\/\/pulainfo.hr\/wp-content\/uploads\/2024\/12\/2-Park-grada-Graza.jpg","datePublished":"2024-12-04T10:44:12+00:00","dateModified":"2024-12-04T13:38:17+00:00","breadcrumb":{"@id":"https:\/\/pulainfo.hr\/it\/unabbondanza-di-programmi-per-bambini-larrivo-di-san-nicolo-e-rambo-amadeus\/#breadcrumb"},"inLanguage":"it-IT","potentialAction":[{"@type":"ReadAction","target":["https:\/\/pulainfo.hr\/it\/unabbondanza-di-programmi-per-bambini-larrivo-di-san-nicolo-e-rambo-amadeus\/"]}]},{"@type":"ImageObject","inLanguage":"it-IT","@id":"https:\/\/pulainfo.hr\/it\/unabbondanza-di-programmi-per-bambini-larrivo-di-san-nicolo-e-rambo-amadeus\/#primaryimage","url":"https:\/\/pulainfo.hr\/wp-content\/uploads\/2024\/12\/2-Park-grada-Graza.jpg","contentUrl":"https:\/\/pulainfo.hr\/wp-content\/uploads\/2024\/12\/2-Park-grada-Graza.jpg","width":1620,"height":1080},{"@type":"BreadcrumbList","@id":"https:\/\/pulainfo.hr\/it\/unabbondanza-di-programmi-per-bambini-larrivo-di-san-nicolo-e-rambo-amadeus\/#breadcrumb","itemListElement":[{"@type":"ListItem","position":1,"name":"Po\u010detna stranica","item":"https:\/\/pulainfo.hr\/it\/"},{"@type":"ListItem","position":2,"name":"Un\u2019abbondanza di programmi per bambini, l\u2019arrivo di San Nicol\u00f2 e Rambo Amadeus"}]},{"@type":"WebSite","@id":"https:\/\/pulainfo.hr\/#website","url":"https:\/\/pulainfo.hr\/","name":"Tourism Office Pula","description":"Tourism Office Pula - Official web site","publisher":{"@id":"https:\/\/pulainfo.hr\/#organization"},"potentialAction":[{"@type":"SearchAction","target":{"@type":"EntryPoint","urlTemplate":"https:\/\/pulainfo.hr\/?s={search_term_string}"},"query-input":{"@type":"PropertyValueSpecification","valueRequired":true,"valueName":"search_term_string"}}],"inLanguage":"it-IT"},{"@type":"Organization","@id":"https:\/\/pulainfo.hr\/#organization","name":"Tourism Office Pula","url":"https:\/\/pulainfo.hr\/","logo":{"@type":"ImageObject","inLanguage":"it-IT","@id":"https:\/\/pulainfo.hr\/#\/schema\/logo\/image\/","url":"https:\/\/pulainfo.hr\/wp-content\/uploads\/2023\/10\/logo.svg","contentUrl":"https:\/\/pulainfo.hr\/wp-content\/uploads\/2023\/10\/logo.svg","width":171,"height":59,"caption":"Tourism Office Pula"},"image":{"@id":"https:\/\/pulainfo.hr\/#\/schema\/logo\/image\/"}},{"@type":"Person","@id":"https:\/\/pulainfo.hr\/#\/schema\/person\/dc2ada394b351c9a9fd67dc21405e885","name":"Valentina Dudic","image":{"@type":"ImageObject","inLanguage":"it-IT","@id":"https:\/\/secure.gravatar.com\/avatar\/025da990e05772ca2d158c68c1d4013ad5febc3f765c0e1957f6bb937bda74ac?s=96&d=mm&r=g","url":"https:\/\/secure.gravatar.com\/avatar\/025da990e05772ca2d158c68c1d4013ad5febc3f765c0e1957f6bb937bda74ac?s=96&d=mm&r=g","contentUrl":"https:\/\/secure.gravatar.com\/avatar\/025da990e05772ca2d158c68c1d4013ad5febc3f765c0e1957f6bb937bda74ac?s=96&d=mm&r=g","caption":"Valentina Dudic"},"url":"https:\/\/pulainfo.hr\/it\/author\/valentina-dudic\/"}]}},"_links":{"self":[{"href":"https:\/\/pulainfo.hr\/it\/wp-json\/wp\/v2\/posts\/19897","targetHints":{"allow":["GET"]}}],"collection":[{"href":"https:\/\/pulainfo.hr\/it\/wp-json\/wp\/v2\/posts"}],"about":[{"href":"https:\/\/pulainfo.hr\/it\/wp-json\/wp\/v2\/types\/post"}],"author":[{"embeddable":true,"href":"https:\/\/pulainfo.hr\/it\/wp-json\/wp\/v2\/users\/8"}],"replies":[{"embeddable":true,"href":"https:\/\/pulainfo.hr\/it\/wp-json\/wp\/v2\/comments?post=19897"}],"version-history":[{"count":1,"href":"https:\/\/pulainfo.hr\/it\/wp-json\/wp\/v2\/posts\/19897\/revisions"}],"predecessor-version":[{"id":19898,"href":"https:\/\/pulainfo.hr\/it\/wp-json\/wp\/v2\/posts\/19897\/revisions\/19898"}],"wp:featuredmedia":[{"embeddable":true,"href":"https:\/\/pulainfo.hr\/it\/wp-json\/wp\/v2\/media\/19854"}],"wp:attachment":[{"href":"https:\/\/pulainfo.hr\/it\/wp-json\/wp\/v2\/media?parent=19897"}],"wp:term":[{"taxonomy":"category","embeddable":true,"href":"https:\/\/pulainfo.hr\/it\/wp-json\/wp\/v2\/categories?post=19897"},{"taxonomy":"post_tag","embeddable":true,"href":"https:\/\/pulainfo.hr\/it\/wp-json\/wp\/v2\/tags?post=19897"}],"curies":[{"name":"wp","href":"https:\/\/api.w.org\/{rel}","templated":true}]}}