{"id":19719,"date":"2024-11-27T09:27:42","date_gmt":"2024-11-27T08:27:42","guid":{"rendered":"https:\/\/pulainfo.hr\/?p=19719"},"modified":"2024-11-27T10:10:09","modified_gmt":"2024-11-27T09:10:09","slug":"lavvento-a-pola-tutti-i-dettagli-delledizione-di-questanno","status":"publish","type":"post","link":"https:\/\/pulainfo.hr\/it\/lavvento-a-pola-tutti-i-dettagli-delledizione-di-questanno\/","title":{"rendered":"L&#8217;AVVENTO A POLA  \u2013 tutti i dettagli dell&#8217;edizione di quest\u2019anno"},"content":{"rendered":"<p>L\u2019Avvento a Pola dal 1\u00b0 dicembre 2024 al 6 gennaio 2025 porta diverse novit\u00e0 interessanti, tra cui spicca una nuova location: l&#8217;antico anfiteatro romano, l&#8217;Arena di Pola, dove sar\u00e0 collocata la pista di pattinaggio sul ghiaccio.<\/p>\n<p>I visitatori potranno godere di scenari mai visti prima ed elementi scenografici unici, realizzati a mano\u00a0 esclusivamente per l&#8217;Arena di Pola. Lo spazio dell&#8217;anfiteatro sar\u00e0 suddiviso in diverse aree tematiche inspirate alla ricca storia del luogo. Le originali installazioni luminose comprenderanno anche la leggenda delle fate \u2013 le costruttrici dell&#8217;Arena, e altri elementi ispirati ai gladiatori. La vista sui 1200 mq di gradinate in pietra innevate, dove verranno posizionati 111 alberi di Natale illuminati, lascer\u00e0 molti a bocca aperta.<\/p>\n<p>Il programma dell\u2019Avvento di Pola offrir\u00e0, nelle diverse location del centro citt\u00e0, una vasta gamma di eventi festivi dedicati all&#8217;intrattenimento per tutte le et\u00e0 con concerti di vario genere e attivit\u00e0 pensate appositamente per i pi\u00f9 piccoli, che nel Parco della Citt\u00e0 di Graz potranno visitare la lussuosa Casa di Babbo Natale, divertirsi con gli elfi, assistere agli spettacoli e gustare dolci nelle casette dell&#8217;Avvento. Dal 21 al 30 dicembre, circoler\u00e0 gratuitamente per la citt\u00e0 il &#8220;Trenino Felice&#8221;, che percorrer\u00e0 tutte le location dell&#8217;Avvento, arricchendo ulteriormente l&#8217;esperienza di questo magico periodo.<\/p>\n<p>Il programma musicale, che si svolger\u00e0 su tre diverse location, prevede vari artisti. Nella location preferita, in Piazza Port&#8217;Aurea si esibiranno i gruppi Jelusick, Rambo Amadeus, Livio Morosin Band, Nika Turkovi\u0107, Pavel, Arctic Monkeys tribute Stereo Deficit, Klapa Cambi, Denis &amp; Denis, Queen Sensation, Freaktion, Pocket Palma, Kawasaki 3P, Urban &amp; 4 nonch\u00e9 Konstrakta &amp; Zemlja gruva. Nel cuore della citt\u00e0, al Castello, l&#8217;associazione Sub Movements arricchir\u00e0 l\u2019Avvento il 30 e il 31 dicembre con un programma basato sulla scena alternativa locale, portando sul palco i suoni del reggae, della musica elettronica e del dub, con esibizioni di Pulap Reaggae Station, Dubcat, Heavy duty, Munchies, Laseech, Mr M e Manscream. Per la festa di Capodanno, a mezzogiorno saliranno sul palco Mrle &amp; Ivanka, mentre per il conto alla rovescia e l&#8217;ingresso nel 2025 saranno incaricati la band Elemental e Petar Gra\u0161o.<\/p>\n","protected":false},"excerpt":{"rendered":"<p>L\u2019Avvento a Pola dal 1\u00b0 dicembre 2024 al 6 gennaio 2025 porta diverse novit\u00e0 interessanti, &#8230;<\/p>\n","protected":false},"author":8,"featured_media":19669,"comment_status":"closed","ping_status":"closed","sticky":false,"template":"","format":"standard","meta":{"_acf_changed":false,"inline_featured_image":false,"footnotes":""},"categories":[446,146,141],"tags":[],"class_list":["post-19719","post","type-post","status-publish","format-standard","has-post-thumbnail","hentry","category-sluzbene-novosti-it","category-notizie","category-featured-news-it"],"acf":[],"yoast_head":"<!-- This site is optimized with the Yoast SEO plugin v27.4 - https:\/\/yoast.com\/product\/yoast-seo-wordpress\/ -->\n<title>L&#039;AVVENTO A POLA \u2013 tutti i dettagli dell&#039;edizione di quest\u2019anno - Tourism Office Pula<\/title>\n<meta name=\"robots\" content=\"index, follow, max-snippet:-1, max-image-preview:large, max-video-preview:-1\" \/>\n<link rel=\"canonical\" href=\"https:\/\/pulainfo.hr\/it\/lavvento-a-pola-tutti-i-dettagli-delledizione-di-questanno\/\" \/>\n<meta property=\"og:locale\" content=\"it_IT\" \/>\n<meta property=\"og:type\" content=\"article\" \/>\n<meta property=\"og:title\" content=\"L&#039;AVVENTO A POLA \u2013 tutti i dettagli dell&#039;edizione di quest\u2019anno - Tourism Office Pula\" \/>\n<meta property=\"og:description\" content=\"L\u2019Avvento a Pola dal 1\u00b0 dicembre 2024 al 6 gennaio 2025 porta diverse novit\u00e0 interessanti, ...\" \/>\n<meta property=\"og:url\" content=\"https:\/\/pulainfo.hr\/it\/lavvento-a-pola-tutti-i-dettagli-delledizione-di-questanno\/\" \/>\n<meta property=\"og:site_name\" content=\"Tourism Office Pula\" \/>\n<meta property=\"article:published_time\" content=\"2024-11-27T08:27:42+00:00\" \/>\n<meta property=\"article:modified_time\" content=\"2024-11-27T09:10:09+00:00\" \/>\n<meta property=\"og:image\" content=\"https:\/\/pulainfo.hr\/wp-content\/uploads\/2024\/11\/Arena.jpg\" \/>\n\t<meta property=\"og:image:width\" content=\"1620\" \/>\n\t<meta property=\"og:image:height\" content=\"1080\" \/>\n\t<meta property=\"og:image:type\" content=\"image\/jpeg\" \/>\n<meta name=\"author\" content=\"Valentina Dudic\" \/>\n<meta name=\"twitter:card\" content=\"summary_large_image\" \/>\n<meta name=\"twitter:label1\" content=\"Scritto da\" \/>\n\t<meta name=\"twitter:data1\" content=\"Valentina Dudic\" \/>\n\t<meta name=\"twitter:label2\" content=\"Tempo di lettura stimato\" \/>\n\t<meta name=\"twitter:data2\" content=\"2 minuti\" \/>\n<script type=\"application\/ld+json\" class=\"yoast-schema-graph\">{\"@context\":\"https:\\\/\\\/schema.org\",\"@graph\":[{\"@type\":\"Article\",\"@id\":\"https:\\\/\\\/pulainfo.hr\\\/it\\\/lavvento-a-pola-tutti-i-dettagli-delledizione-di-questanno\\\/#article\",\"isPartOf\":{\"@id\":\"https:\\\/\\\/pulainfo.hr\\\/it\\\/lavvento-a-pola-tutti-i-dettagli-delledizione-di-questanno\\\/\"},\"author\":{\"name\":\"Valentina Dudic\",\"@id\":\"https:\\\/\\\/pulainfo.hr\\\/#\\\/schema\\\/person\\\/dc2ada394b351c9a9fd67dc21405e885\"},\"headline\":\"L&#8217;AVVENTO A POLA \u2013 tutti i dettagli dell&#8217;edizione di quest\u2019anno\",\"datePublished\":\"2024-11-27T08:27:42+00:00\",\"dateModified\":\"2024-11-27T09:10:09+00:00\",\"mainEntityOfPage\":{\"@id\":\"https:\\\/\\\/pulainfo.hr\\\/it\\\/lavvento-a-pola-tutti-i-dettagli-delledizione-di-questanno\\\/\"},\"wordCount\":362,\"publisher\":{\"@id\":\"https:\\\/\\\/pulainfo.hr\\\/#organization\"},\"image\":{\"@id\":\"https:\\\/\\\/pulainfo.hr\\\/it\\\/lavvento-a-pola-tutti-i-dettagli-delledizione-di-questanno\\\/#primaryimage\"},\"thumbnailUrl\":\"https:\\\/\\\/pulainfo.hr\\\/wp-content\\\/uploads\\\/2024\\\/11\\\/Arena.jpg\",\"articleSection\":[\"Slu\u017ebene novosti\",\"Notizie\",\"Featured news\"],\"inLanguage\":\"it-IT\"},{\"@type\":\"WebPage\",\"@id\":\"https:\\\/\\\/pulainfo.hr\\\/it\\\/lavvento-a-pola-tutti-i-dettagli-delledizione-di-questanno\\\/\",\"url\":\"https:\\\/\\\/pulainfo.hr\\\/it\\\/lavvento-a-pola-tutti-i-dettagli-delledizione-di-questanno\\\/\",\"name\":\"L'AVVENTO A POLA \u2013 tutti i dettagli dell'edizione di quest\u2019anno - Tourism Office Pula\",\"isPartOf\":{\"@id\":\"https:\\\/\\\/pulainfo.hr\\\/#website\"},\"primaryImageOfPage\":{\"@id\":\"https:\\\/\\\/pulainfo.hr\\\/it\\\/lavvento-a-pola-tutti-i-dettagli-delledizione-di-questanno\\\/#primaryimage\"},\"image\":{\"@id\":\"https:\\\/\\\/pulainfo.hr\\\/it\\\/lavvento-a-pola-tutti-i-dettagli-delledizione-di-questanno\\\/#primaryimage\"},\"thumbnailUrl\":\"https:\\\/\\\/pulainfo.hr\\\/wp-content\\\/uploads\\\/2024\\\/11\\\/Arena.jpg\",\"datePublished\":\"2024-11-27T08:27:42+00:00\",\"dateModified\":\"2024-11-27T09:10:09+00:00\",\"breadcrumb\":{\"@id\":\"https:\\\/\\\/pulainfo.hr\\\/it\\\/lavvento-a-pola-tutti-i-dettagli-delledizione-di-questanno\\\/#breadcrumb\"},\"inLanguage\":\"it-IT\",\"potentialAction\":[{\"@type\":\"ReadAction\",\"target\":[\"https:\\\/\\\/pulainfo.hr\\\/it\\\/lavvento-a-pola-tutti-i-dettagli-delledizione-di-questanno\\\/\"]}]},{\"@type\":\"ImageObject\",\"inLanguage\":\"it-IT\",\"@id\":\"https:\\\/\\\/pulainfo.hr\\\/it\\\/lavvento-a-pola-tutti-i-dettagli-delledizione-di-questanno\\\/#primaryimage\",\"url\":\"https:\\\/\\\/pulainfo.hr\\\/wp-content\\\/uploads\\\/2024\\\/11\\\/Arena.jpg\",\"contentUrl\":\"https:\\\/\\\/pulainfo.hr\\\/wp-content\\\/uploads\\\/2024\\\/11\\\/Arena.jpg\",\"width\":1620,\"height\":1080},{\"@type\":\"BreadcrumbList\",\"@id\":\"https:\\\/\\\/pulainfo.hr\\\/it\\\/lavvento-a-pola-tutti-i-dettagli-delledizione-di-questanno\\\/#breadcrumb\",\"itemListElement\":[{\"@type\":\"ListItem\",\"position\":1,\"name\":\"Po\u010detna stranica\",\"item\":\"https:\\\/\\\/pulainfo.hr\\\/it\\\/\"},{\"@type\":\"ListItem\",\"position\":2,\"name\":\"L&#8217;AVVENTO A POLA \u2013 tutti i dettagli dell&#8217;edizione di quest\u2019anno\"}]},{\"@type\":\"WebSite\",\"@id\":\"https:\\\/\\\/pulainfo.hr\\\/#website\",\"url\":\"https:\\\/\\\/pulainfo.hr\\\/\",\"name\":\"Tourism Office Pula\",\"description\":\"Tourism Office Pula - Official web site\",\"publisher\":{\"@id\":\"https:\\\/\\\/pulainfo.hr\\\/#organization\"},\"potentialAction\":[{\"@type\":\"SearchAction\",\"target\":{\"@type\":\"EntryPoint\",\"urlTemplate\":\"https:\\\/\\\/pulainfo.hr\\\/?s={search_term_string}\"},\"query-input\":{\"@type\":\"PropertyValueSpecification\",\"valueRequired\":true,\"valueName\":\"search_term_string\"}}],\"inLanguage\":\"it-IT\"},{\"@type\":\"Organization\",\"@id\":\"https:\\\/\\\/pulainfo.hr\\\/#organization\",\"name\":\"Tourism Office Pula\",\"url\":\"https:\\\/\\\/pulainfo.hr\\\/\",\"logo\":{\"@type\":\"ImageObject\",\"inLanguage\":\"it-IT\",\"@id\":\"https:\\\/\\\/pulainfo.hr\\\/#\\\/schema\\\/logo\\\/image\\\/\",\"url\":\"https:\\\/\\\/pulainfo.hr\\\/wp-content\\\/uploads\\\/2023\\\/10\\\/logo.svg\",\"contentUrl\":\"https:\\\/\\\/pulainfo.hr\\\/wp-content\\\/uploads\\\/2023\\\/10\\\/logo.svg\",\"width\":171,\"height\":59,\"caption\":\"Tourism Office Pula\"},\"image\":{\"@id\":\"https:\\\/\\\/pulainfo.hr\\\/#\\\/schema\\\/logo\\\/image\\\/\"}},{\"@type\":\"Person\",\"@id\":\"https:\\\/\\\/pulainfo.hr\\\/#\\\/schema\\\/person\\\/dc2ada394b351c9a9fd67dc21405e885\",\"name\":\"Valentina Dudic\",\"image\":{\"@type\":\"ImageObject\",\"inLanguage\":\"it-IT\",\"@id\":\"https:\\\/\\\/secure.gravatar.com\\\/avatar\\\/025da990e05772ca2d158c68c1d4013ad5febc3f765c0e1957f6bb937bda74ac?s=96&d=mm&r=g\",\"url\":\"https:\\\/\\\/secure.gravatar.com\\\/avatar\\\/025da990e05772ca2d158c68c1d4013ad5febc3f765c0e1957f6bb937bda74ac?s=96&d=mm&r=g\",\"contentUrl\":\"https:\\\/\\\/secure.gravatar.com\\\/avatar\\\/025da990e05772ca2d158c68c1d4013ad5febc3f765c0e1957f6bb937bda74ac?s=96&d=mm&r=g\",\"caption\":\"Valentina Dudic\"},\"url\":\"https:\\\/\\\/pulainfo.hr\\\/it\\\/author\\\/valentina-dudic\\\/\"}]}<\/script>\n<!-- \/ Yoast SEO plugin. -->","yoast_head_json":{"title":"L'AVVENTO A POLA \u2013 tutti i dettagli dell'edizione di quest\u2019anno - Tourism Office Pula","robots":{"index":"index","follow":"follow","max-snippet":"max-snippet:-1","max-image-preview":"max-image-preview:large","max-video-preview":"max-video-preview:-1"},"canonical":"https:\/\/pulainfo.hr\/it\/lavvento-a-pola-tutti-i-dettagli-delledizione-di-questanno\/","og_locale":"it_IT","og_type":"article","og_title":"L'AVVENTO A POLA \u2013 tutti i dettagli dell'edizione di quest\u2019anno - Tourism Office Pula","og_description":"L\u2019Avvento a Pola dal 1\u00b0 dicembre 2024 al 6 gennaio 2025 porta diverse novit\u00e0 interessanti, ...","og_url":"https:\/\/pulainfo.hr\/it\/lavvento-a-pola-tutti-i-dettagli-delledizione-di-questanno\/","og_site_name":"Tourism Office Pula","article_published_time":"2024-11-27T08:27:42+00:00","article_modified_time":"2024-11-27T09:10:09+00:00","og_image":[{"width":1620,"height":1080,"url":"https:\/\/pulainfo.hr\/wp-content\/uploads\/2024\/11\/Arena.jpg","type":"image\/jpeg"}],"author":"Valentina Dudic","twitter_card":"summary_large_image","twitter_misc":{"Scritto da":"Valentina Dudic","Tempo di lettura stimato":"2 minuti"},"schema":{"@context":"https:\/\/schema.org","@graph":[{"@type":"Article","@id":"https:\/\/pulainfo.hr\/it\/lavvento-a-pola-tutti-i-dettagli-delledizione-di-questanno\/#article","isPartOf":{"@id":"https:\/\/pulainfo.hr\/it\/lavvento-a-pola-tutti-i-dettagli-delledizione-di-questanno\/"},"author":{"name":"Valentina Dudic","@id":"https:\/\/pulainfo.hr\/#\/schema\/person\/dc2ada394b351c9a9fd67dc21405e885"},"headline":"L&#8217;AVVENTO A POLA \u2013 tutti i dettagli dell&#8217;edizione di quest\u2019anno","datePublished":"2024-11-27T08:27:42+00:00","dateModified":"2024-11-27T09:10:09+00:00","mainEntityOfPage":{"@id":"https:\/\/pulainfo.hr\/it\/lavvento-a-pola-tutti-i-dettagli-delledizione-di-questanno\/"},"wordCount":362,"publisher":{"@id":"https:\/\/pulainfo.hr\/#organization"},"image":{"@id":"https:\/\/pulainfo.hr\/it\/lavvento-a-pola-tutti-i-dettagli-delledizione-di-questanno\/#primaryimage"},"thumbnailUrl":"https:\/\/pulainfo.hr\/wp-content\/uploads\/2024\/11\/Arena.jpg","articleSection":["Slu\u017ebene novosti","Notizie","Featured news"],"inLanguage":"it-IT"},{"@type":"WebPage","@id":"https:\/\/pulainfo.hr\/it\/lavvento-a-pola-tutti-i-dettagli-delledizione-di-questanno\/","url":"https:\/\/pulainfo.hr\/it\/lavvento-a-pola-tutti-i-dettagli-delledizione-di-questanno\/","name":"L'AVVENTO A POLA \u2013 tutti i dettagli dell'edizione di quest\u2019anno - Tourism Office Pula","isPartOf":{"@id":"https:\/\/pulainfo.hr\/#website"},"primaryImageOfPage":{"@id":"https:\/\/pulainfo.hr\/it\/lavvento-a-pola-tutti-i-dettagli-delledizione-di-questanno\/#primaryimage"},"image":{"@id":"https:\/\/pulainfo.hr\/it\/lavvento-a-pola-tutti-i-dettagli-delledizione-di-questanno\/#primaryimage"},"thumbnailUrl":"https:\/\/pulainfo.hr\/wp-content\/uploads\/2024\/11\/Arena.jpg","datePublished":"2024-11-27T08:27:42+00:00","dateModified":"2024-11-27T09:10:09+00:00","breadcrumb":{"@id":"https:\/\/pulainfo.hr\/it\/lavvento-a-pola-tutti-i-dettagli-delledizione-di-questanno\/#breadcrumb"},"inLanguage":"it-IT","potentialAction":[{"@type":"ReadAction","target":["https:\/\/pulainfo.hr\/it\/lavvento-a-pola-tutti-i-dettagli-delledizione-di-questanno\/"]}]},{"@type":"ImageObject","inLanguage":"it-IT","@id":"https:\/\/pulainfo.hr\/it\/lavvento-a-pola-tutti-i-dettagli-delledizione-di-questanno\/#primaryimage","url":"https:\/\/pulainfo.hr\/wp-content\/uploads\/2024\/11\/Arena.jpg","contentUrl":"https:\/\/pulainfo.hr\/wp-content\/uploads\/2024\/11\/Arena.jpg","width":1620,"height":1080},{"@type":"BreadcrumbList","@id":"https:\/\/pulainfo.hr\/it\/lavvento-a-pola-tutti-i-dettagli-delledizione-di-questanno\/#breadcrumb","itemListElement":[{"@type":"ListItem","position":1,"name":"Po\u010detna stranica","item":"https:\/\/pulainfo.hr\/it\/"},{"@type":"ListItem","position":2,"name":"L&#8217;AVVENTO A POLA \u2013 tutti i dettagli dell&#8217;edizione di quest\u2019anno"}]},{"@type":"WebSite","@id":"https:\/\/pulainfo.hr\/#website","url":"https:\/\/pulainfo.hr\/","name":"Tourism Office Pula","description":"Tourism Office Pula - Official web site","publisher":{"@id":"https:\/\/pulainfo.hr\/#organization"},"potentialAction":[{"@type":"SearchAction","target":{"@type":"EntryPoint","urlTemplate":"https:\/\/pulainfo.hr\/?s={search_term_string}"},"query-input":{"@type":"PropertyValueSpecification","valueRequired":true,"valueName":"search_term_string"}}],"inLanguage":"it-IT"},{"@type":"Organization","@id":"https:\/\/pulainfo.hr\/#organization","name":"Tourism Office Pula","url":"https:\/\/pulainfo.hr\/","logo":{"@type":"ImageObject","inLanguage":"it-IT","@id":"https:\/\/pulainfo.hr\/#\/schema\/logo\/image\/","url":"https:\/\/pulainfo.hr\/wp-content\/uploads\/2023\/10\/logo.svg","contentUrl":"https:\/\/pulainfo.hr\/wp-content\/uploads\/2023\/10\/logo.svg","width":171,"height":59,"caption":"Tourism Office Pula"},"image":{"@id":"https:\/\/pulainfo.hr\/#\/schema\/logo\/image\/"}},{"@type":"Person","@id":"https:\/\/pulainfo.hr\/#\/schema\/person\/dc2ada394b351c9a9fd67dc21405e885","name":"Valentina Dudic","image":{"@type":"ImageObject","inLanguage":"it-IT","@id":"https:\/\/secure.gravatar.com\/avatar\/025da990e05772ca2d158c68c1d4013ad5febc3f765c0e1957f6bb937bda74ac?s=96&d=mm&r=g","url":"https:\/\/secure.gravatar.com\/avatar\/025da990e05772ca2d158c68c1d4013ad5febc3f765c0e1957f6bb937bda74ac?s=96&d=mm&r=g","contentUrl":"https:\/\/secure.gravatar.com\/avatar\/025da990e05772ca2d158c68c1d4013ad5febc3f765c0e1957f6bb937bda74ac?s=96&d=mm&r=g","caption":"Valentina Dudic"},"url":"https:\/\/pulainfo.hr\/it\/author\/valentina-dudic\/"}]}},"_links":{"self":[{"href":"https:\/\/pulainfo.hr\/it\/wp-json\/wp\/v2\/posts\/19719","targetHints":{"allow":["GET"]}}],"collection":[{"href":"https:\/\/pulainfo.hr\/it\/wp-json\/wp\/v2\/posts"}],"about":[{"href":"https:\/\/pulainfo.hr\/it\/wp-json\/wp\/v2\/types\/post"}],"author":[{"embeddable":true,"href":"https:\/\/pulainfo.hr\/it\/wp-json\/wp\/v2\/users\/8"}],"replies":[{"embeddable":true,"href":"https:\/\/pulainfo.hr\/it\/wp-json\/wp\/v2\/comments?post=19719"}],"version-history":[{"count":1,"href":"https:\/\/pulainfo.hr\/it\/wp-json\/wp\/v2\/posts\/19719\/revisions"}],"predecessor-version":[{"id":19720,"href":"https:\/\/pulainfo.hr\/it\/wp-json\/wp\/v2\/posts\/19719\/revisions\/19720"}],"wp:featuredmedia":[{"embeddable":true,"href":"https:\/\/pulainfo.hr\/it\/wp-json\/wp\/v2\/media\/19669"}],"wp:attachment":[{"href":"https:\/\/pulainfo.hr\/it\/wp-json\/wp\/v2\/media?parent=19719"}],"wp:term":[{"taxonomy":"category","embeddable":true,"href":"https:\/\/pulainfo.hr\/it\/wp-json\/wp\/v2\/categories?post=19719"},{"taxonomy":"post_tag","embeddable":true,"href":"https:\/\/pulainfo.hr\/it\/wp-json\/wp\/v2\/tags?post=19719"}],"curies":[{"name":"wp","href":"https:\/\/api.w.org\/{rel}","templated":true}]}}