{"id":34398,"date":"2026-08-28T14:29:35","date_gmt":"2026-08-28T12:29:35","guid":{"rendered":"https:\/\/pulainfo.hr\/?p=34398"},"modified":"2026-08-28T14:29:35","modified_gmt":"2026-08-28T12:29:35","slug":"14-pula-plese-ponovno-okuplja-plesnu-scenu-grada-na-portarati","status":"publish","type":"post","link":"https:\/\/pulainfo.hr\/hr\/14-pula-plese-ponovno-okuplja-plesnu-scenu-grada-na-portarati\/","title":{"rendered":"14. Pula ple\u0161e ponovno okuplja plesnu scenu grada na Portarati"},"content":{"rendered":"<p>Najplesnija gradska manifestacija <strong>Pula ple\u0161e<\/strong> odr\u017eat \u0107e se u <strong>subotu, 5. rujna<\/strong>, s po\u010detkom u <strong>19 sati<\/strong> na Portarati. \u010cetrnaesto izdanje manifestacije ponovno \u0107e okupiti plesne udruge, klubove i studija iz Pule i okolice te publici predstaviti raznolikost plesnih stilova, kreativnost koreografa i talent velikog broja plesa\u010dica i plesa\u010da.<\/p>\n<p>Od svog prvog izdanja <strong>Pula ple\u0161e<\/strong> ima uvijek isti cilj \u2013 predstaviti bogatstvo plesne scene grada Pule, pru\u017eiti mladim plesa\u010dima priliku za nastup na jednoj od najljep\u0161ih gradskih pozornica te dodatno obogatiti kulturno-zabavnu ponudu grada u razdoblju kada Pulu jo\u0161 uvijek posje\u0107uje velik broj doma\u0107ih i stranih gostiju.<\/p>\n<p>\u201ePula ple\u0161e jedna je od onih manifestacija koje su vrlo brzo prona\u0161le put do publike i postale prepoznatljiv dio po\u010detka rujna u na\u0161em gradu. Veseli nas \u0161to iz godine u godinu okuplja velik broj djece, mladih i njihovih voditelja koji svojim trudom, talentom i predano\u0161\u0107u stvaraju ve\u010der ispunjenu energijom, zajedni\u0161tvom i ljubavlju prema plesu. Zahvaljujemo svim plesnim udrugama, voditeljima i koreografima na dugogodi\u0161njoj suradnji te svima koji svojim sudjelovanjem doprinose da ova manifestacija ve\u0107 \u010detrnaest godina uspje\u0161no \u017eivi i raste\u201c, istaknula je Sanja Cinkopan Korotaj, direktorica Turisti\u010dke zajednice grada Pule.<\/p>\n<p>Manifestacija je tijekom godina izrasla u jedan od najprepoznatljivijih plesnih doga\u0111aja u gradu te predstavlja izvrsnu priliku da se plesni klubovi i studiji predstave javnosti uo\u010di po\u010detka nove plesne sezone i upisa novih \u010dlanova. Ideju za pokretanje manifestacije prije \u010detrnaest godina osmislila je Karmen Radetikio, koja od samog po\u010detka sudjeluje u njezinoj organizaciji: \u201eKada smo prije \u010detrnaest godina pokrenuli Pula ple\u0161e, \u017eelja je bila stvoriti doga\u0111aj koji \u0107e plesnim udrugama omogu\u0107iti zajedni\u010dko predstavljanje na otvorenoj gradskoj pozornici te pokazati koliko je plesna scena Pule bogata, kvalitetna i raznolika. Posebno me raduje \u0161to je manifestacija tijekom godina prerasla svoju po\u010detnu ideju i postala doga\u0111aj koji s veseljem i\u0161\u010dekuju i plesa\u010di i publika. Hvala Turisti\u010dkoj zajednici grada Pule i Gradu Puli \u0161to su od samog po\u010detka vjerovali u ovu pri\u010du, kao i svim plesnim klubovima koji joj svojim radom, kreativno\u0161\u0107u i entuzijazmom daju poseban identitet. Najve\u0107a nagrada svima nama uvijek je prepuna Portarata i pljesak publike koji je najbolja podr\u0161ka plesa\u010dima\u201c.<\/p>\n<p>Ovogodi\u0161nje izdanje okupit \u0107e <strong>12 plesnih udruga i studija<\/strong>:<\/p>\n<ul>\n<li>Breakdance Club AB Original<\/li>\n<li>Plesni studio Sense &amp; Dance<\/li>\n<li>Plesni klub Infinity<\/li>\n<li>Plesni studio Saltatrix<\/li>\n<li>Plesni studio Cool Step<\/li>\n<li>Plesni studio Art Dance<\/li>\n<li>Plesni studio Pirueta Medulin \u2013 Pula<\/li>\n<li>Baletni studio Zaro<\/li>\n<li>Studio UPBEAT<\/li>\n<li>Plesni studio Hikari<\/li>\n<li>O\u0160 Veli Vrh Pula<\/li>\n<li>Wild Country Dancers.<\/li>\n<\/ul>\n<p>Po zavr\u0161etku programa posjetitelje o\u010dekuje zajedni\u010dka demonstracija Zumba Fitness programa koju \u0107e, zajedno s \u010dlanovima Studija UPBEAT, voditi instruktorica Marina Lorencin. Publika \u0107e imati priliku pridru\u017eiti se plesu i na najbolji na\u010din zaklju\u010diti jo\u0161 jednu ve\u010der posve\u0107enu pokretu, glazbi i zajedni\u0161tvu. Program \u0107e voditi Nenad Seferagi\u0107, a manifestaciju organiziraju Turisti\u010dka zajednica grada Pule, Grad Pula i Alphera d.o.o., uz idejno autorstvo i organizacijsku koordinaciju Karmen Radetikio.<\/p>\n<p>Vidimo se u subotu, 5. rujna, u 19 sati na Portarati \u2013 jer Pula ple\u0161e!<\/p>\n","protected":false},"excerpt":{"rendered":"<p>Najplesnija gradska manifestacija Pula ple\u0161e odr\u017eat \u0107e se u subotu, 5. rujna, s po\u010detkom u &#8230;<\/p>\n","protected":false},"author":8,"featured_media":34415,"comment_status":"closed","ping_status":"closed","sticky":false,"template":"","format":"standard","meta":{"_acf_changed":false,"inline_featured_image":false,"footnotes":""},"categories":[442,137,136],"tags":[],"class_list":["post-34398","post","type-post","status-publish","format-standard","has-post-thumbnail","hentry","category-sluzbene-novosti","category-izdvojene-novosti","category-novosti"],"acf":[],"yoast_head":"<!-- This site is optimized with the Yoast SEO plugin v28.1 - https:\/\/yoast.com\/product\/yoast-seo-wordpress\/ -->\n<title>14. Pula ple\u0161e ponovno okuplja plesnu scenu grada na Portarati - Tourism Office Pula<\/title>\n<meta name=\"robots\" content=\"index, follow, max-snippet:-1, max-image-preview:large, max-video-preview:-1\" \/>\n<link rel=\"canonical\" href=\"https:\/\/pulainfo.hr\/hr\/14-pula-plese-ponovno-okuplja-plesnu-scenu-grada-na-portarati\/\" \/>\n<meta property=\"og:locale\" content=\"hr_HR\" \/>\n<meta property=\"og:type\" content=\"article\" \/>\n<meta property=\"og:title\" content=\"14. Pula ple\u0161e ponovno okuplja plesnu scenu grada na Portarati - Tourism Office Pula\" \/>\n<meta property=\"og:description\" content=\"Najplesnija gradska manifestacija Pula ple\u0161e odr\u017eat \u0107e se u subotu, 5. rujna, s po\u010detkom u ...\" \/>\n<meta property=\"og:url\" content=\"https:\/\/pulainfo.hr\/hr\/14-pula-plese-ponovno-okuplja-plesnu-scenu-grada-na-portarati\/\" \/>\n<meta property=\"og:site_name\" content=\"Tourism Office Pula\" \/>\n<meta property=\"article:published_time\" content=\"2026-08-28T12:29:35+00:00\" \/>\n<meta property=\"og:image\" content=\"https:\/\/pulainfo.hr\/wp-content\/uploads\/2026\/08\/STUDIO11-Pula-Plese-02-21-scaled.jpg\" \/>\n\t<meta property=\"og:image:width\" content=\"2560\" \/>\n\t<meta property=\"og:image:height\" content=\"1710\" \/>\n\t<meta property=\"og:image:type\" content=\"image\/jpeg\" \/>\n<meta name=\"author\" content=\"Valentina Dudic\" \/>\n<meta name=\"twitter:card\" content=\"summary_large_image\" \/>\n<meta name=\"twitter:label1\" content=\"Napisao\/la\" \/>\n\t<meta name=\"twitter:data1\" content=\"Valentina Dudic\" \/>\n\t<meta name=\"twitter:label2\" content=\"Procijenjeno vrijeme \u010ditanja\" \/>\n\t<meta name=\"twitter:data2\" content=\"3 minute\" \/>\n<script type=\"application\/ld+json\" class=\"yoast-schema-graph\">{\"@context\":\"https:\\\/\\\/schema.org\",\"@graph\":[{\"@type\":\"Article\",\"@id\":\"https:\\\/\\\/pulainfo.hr\\\/hr\\\/14-pula-plese-ponovno-okuplja-plesnu-scenu-grada-na-portarati\\\/#article\",\"isPartOf\":{\"@id\":\"https:\\\/\\\/pulainfo.hr\\\/hr\\\/14-pula-plese-ponovno-okuplja-plesnu-scenu-grada-na-portarati\\\/\"},\"author\":{\"name\":\"Valentina Dudic\",\"@id\":\"https:\\\/\\\/pulainfo.hr\\\/#\\\/schema\\\/person\\\/dc2ada394b351c9a9fd67dc21405e885\"},\"headline\":\"14. Pula ple\u0161e ponovno okuplja plesnu scenu grada na Portarati\",\"datePublished\":\"2026-08-28T12:29:35+00:00\",\"mainEntityOfPage\":{\"@id\":\"https:\\\/\\\/pulainfo.hr\\\/hr\\\/14-pula-plese-ponovno-okuplja-plesnu-scenu-grada-na-portarati\\\/\"},\"wordCount\":536,\"publisher\":{\"@id\":\"https:\\\/\\\/pulainfo.hr\\\/#organization\"},\"image\":{\"@id\":\"https:\\\/\\\/pulainfo.hr\\\/hr\\\/14-pula-plese-ponovno-okuplja-plesnu-scenu-grada-na-portarati\\\/#primaryimage\"},\"thumbnailUrl\":\"https:\\\/\\\/pulainfo.hr\\\/wp-content\\\/uploads\\\/2026\\\/08\\\/STUDIO11-Pula-Plese-02-21-scaled.jpg\",\"articleSection\":[\"Slu\u017ebene novosti\",\"Izdvojene novosti\",\"Novosti\"],\"inLanguage\":\"hr\"},{\"@type\":\"WebPage\",\"@id\":\"https:\\\/\\\/pulainfo.hr\\\/hr\\\/14-pula-plese-ponovno-okuplja-plesnu-scenu-grada-na-portarati\\\/\",\"url\":\"https:\\\/\\\/pulainfo.hr\\\/hr\\\/14-pula-plese-ponovno-okuplja-plesnu-scenu-grada-na-portarati\\\/\",\"name\":\"14. Pula ple\u0161e ponovno okuplja plesnu scenu grada na Portarati - Tourism Office Pula\",\"isPartOf\":{\"@id\":\"https:\\\/\\\/pulainfo.hr\\\/#website\"},\"primaryImageOfPage\":{\"@id\":\"https:\\\/\\\/pulainfo.hr\\\/hr\\\/14-pula-plese-ponovno-okuplja-plesnu-scenu-grada-na-portarati\\\/#primaryimage\"},\"image\":{\"@id\":\"https:\\\/\\\/pulainfo.hr\\\/hr\\\/14-pula-plese-ponovno-okuplja-plesnu-scenu-grada-na-portarati\\\/#primaryimage\"},\"thumbnailUrl\":\"https:\\\/\\\/pulainfo.hr\\\/wp-content\\\/uploads\\\/2026\\\/08\\\/STUDIO11-Pula-Plese-02-21-scaled.jpg\",\"datePublished\":\"2026-08-28T12:29:35+00:00\",\"breadcrumb\":{\"@id\":\"https:\\\/\\\/pulainfo.hr\\\/hr\\\/14-pula-plese-ponovno-okuplja-plesnu-scenu-grada-na-portarati\\\/#breadcrumb\"},\"inLanguage\":\"hr\",\"potentialAction\":[{\"@type\":\"ReadAction\",\"target\":[\"https:\\\/\\\/pulainfo.hr\\\/hr\\\/14-pula-plese-ponovno-okuplja-plesnu-scenu-grada-na-portarati\\\/\"]}]},{\"@type\":\"ImageObject\",\"inLanguage\":\"hr\",\"@id\":\"https:\\\/\\\/pulainfo.hr\\\/hr\\\/14-pula-plese-ponovno-okuplja-plesnu-scenu-grada-na-portarati\\\/#primaryimage\",\"url\":\"https:\\\/\\\/pulainfo.hr\\\/wp-content\\\/uploads\\\/2026\\\/08\\\/STUDIO11-Pula-Plese-02-21-scaled.jpg\",\"contentUrl\":\"https:\\\/\\\/pulainfo.hr\\\/wp-content\\\/uploads\\\/2026\\\/08\\\/STUDIO11-Pula-Plese-02-21-scaled.jpg\",\"width\":2560,\"height\":1710},{\"@type\":\"BreadcrumbList\",\"@id\":\"https:\\\/\\\/pulainfo.hr\\\/hr\\\/14-pula-plese-ponovno-okuplja-plesnu-scenu-grada-na-portarati\\\/#breadcrumb\",\"itemListElement\":[{\"@type\":\"ListItem\",\"position\":1,\"name\":\"Po\u010detna stranica\",\"item\":\"https:\\\/\\\/pulainfo.hr\\\/hr\\\/\"},{\"@type\":\"ListItem\",\"position\":2,\"name\":\"14. Pula ple\u0161e ponovno okuplja plesnu scenu grada na Portarati\"}]},{\"@type\":\"WebSite\",\"@id\":\"https:\\\/\\\/pulainfo.hr\\\/#website\",\"url\":\"https:\\\/\\\/pulainfo.hr\\\/\",\"name\":\"Tourism Office Pula\",\"description\":\"Tourism Office Pula - Official web site\",\"publisher\":{\"@id\":\"https:\\\/\\\/pulainfo.hr\\\/#organization\"},\"potentialAction\":[{\"@type\":\"SearchAction\",\"target\":{\"@type\":\"EntryPoint\",\"urlTemplate\":\"https:\\\/\\\/pulainfo.hr\\\/?s={search_term_string}\"},\"query-input\":{\"@type\":\"PropertyValueSpecification\",\"valueRequired\":true,\"valueName\":\"search_term_string\"}}],\"inLanguage\":\"hr\"},{\"@type\":\"Organization\",\"@id\":\"https:\\\/\\\/pulainfo.hr\\\/#organization\",\"name\":\"Tourism Office Pula\",\"url\":\"https:\\\/\\\/pulainfo.hr\\\/\",\"logo\":{\"@type\":\"ImageObject\",\"inLanguage\":\"hr\",\"@id\":\"https:\\\/\\\/pulainfo.hr\\\/#\\\/schema\\\/logo\\\/image\\\/\",\"url\":\"https:\\\/\\\/pulainfo.hr\\\/wp-content\\\/uploads\\\/2023\\\/10\\\/logo.svg\",\"contentUrl\":\"https:\\\/\\\/pulainfo.hr\\\/wp-content\\\/uploads\\\/2023\\\/10\\\/logo.svg\",\"width\":171,\"height\":59,\"caption\":\"Tourism Office Pula\"},\"image\":{\"@id\":\"https:\\\/\\\/pulainfo.hr\\\/#\\\/schema\\\/logo\\\/image\\\/\"}},{\"@type\":\"Person\",\"@id\":\"https:\\\/\\\/pulainfo.hr\\\/#\\\/schema\\\/person\\\/dc2ada394b351c9a9fd67dc21405e885\",\"name\":\"Valentina Dudic\",\"image\":{\"@type\":\"ImageObject\",\"inLanguage\":\"hr\",\"@id\":\"https:\\\/\\\/secure.gravatar.com\\\/avatar\\\/025da990e05772ca2d158c68c1d4013ad5febc3f765c0e1957f6bb937bda74ac?s=96&d=mm&r=g\",\"url\":\"https:\\\/\\\/secure.gravatar.com\\\/avatar\\\/025da990e05772ca2d158c68c1d4013ad5febc3f765c0e1957f6bb937bda74ac?s=96&d=mm&r=g\",\"contentUrl\":\"https:\\\/\\\/secure.gravatar.com\\\/avatar\\\/025da990e05772ca2d158c68c1d4013ad5febc3f765c0e1957f6bb937bda74ac?s=96&d=mm&r=g\",\"caption\":\"Valentina Dudic\"},\"url\":\"https:\\\/\\\/pulainfo.hr\\\/hr\\\/author\\\/valentina-dudic\\\/\"}]}<\/script>\n<!-- \/ Yoast SEO plugin. -->","yoast_head_json":{"title":"14. Pula ple\u0161e ponovno okuplja plesnu scenu grada na Portarati - Tourism Office Pula","robots":{"index":"index","follow":"follow","max-snippet":"max-snippet:-1","max-image-preview":"max-image-preview:large","max-video-preview":"max-video-preview:-1"},"canonical":"https:\/\/pulainfo.hr\/hr\/14-pula-plese-ponovno-okuplja-plesnu-scenu-grada-na-portarati\/","og_locale":"hr_HR","og_type":"article","og_title":"14. Pula ple\u0161e ponovno okuplja plesnu scenu grada na Portarati - Tourism Office Pula","og_description":"Najplesnija gradska manifestacija Pula ple\u0161e odr\u017eat \u0107e se u subotu, 5. rujna, s po\u010detkom u ...","og_url":"https:\/\/pulainfo.hr\/hr\/14-pula-plese-ponovno-okuplja-plesnu-scenu-grada-na-portarati\/","og_site_name":"Tourism Office Pula","article_published_time":"2026-08-28T12:29:35+00:00","og_image":[{"width":2560,"height":1710,"url":"https:\/\/pulainfo.hr\/wp-content\/uploads\/2026\/08\/STUDIO11-Pula-Plese-02-21-scaled.jpg","type":"image\/jpeg"}],"author":"Valentina Dudic","twitter_card":"summary_large_image","twitter_misc":{"Napisao\/la":"Valentina Dudic","Procijenjeno vrijeme \u010ditanja":"3 minute"},"schema":{"@context":"https:\/\/schema.org","@graph":[{"@type":"Article","@id":"https:\/\/pulainfo.hr\/hr\/14-pula-plese-ponovno-okuplja-plesnu-scenu-grada-na-portarati\/#article","isPartOf":{"@id":"https:\/\/pulainfo.hr\/hr\/14-pula-plese-ponovno-okuplja-plesnu-scenu-grada-na-portarati\/"},"author":{"name":"Valentina Dudic","@id":"https:\/\/pulainfo.hr\/#\/schema\/person\/dc2ada394b351c9a9fd67dc21405e885"},"headline":"14. Pula ple\u0161e ponovno okuplja plesnu scenu grada na Portarati","datePublished":"2026-08-28T12:29:35+00:00","mainEntityOfPage":{"@id":"https:\/\/pulainfo.hr\/hr\/14-pula-plese-ponovno-okuplja-plesnu-scenu-grada-na-portarati\/"},"wordCount":536,"publisher":{"@id":"https:\/\/pulainfo.hr\/#organization"},"image":{"@id":"https:\/\/pulainfo.hr\/hr\/14-pula-plese-ponovno-okuplja-plesnu-scenu-grada-na-portarati\/#primaryimage"},"thumbnailUrl":"https:\/\/pulainfo.hr\/wp-content\/uploads\/2026\/08\/STUDIO11-Pula-Plese-02-21-scaled.jpg","articleSection":["Slu\u017ebene novosti","Izdvojene novosti","Novosti"],"inLanguage":"hr"},{"@type":"WebPage","@id":"https:\/\/pulainfo.hr\/hr\/14-pula-plese-ponovno-okuplja-plesnu-scenu-grada-na-portarati\/","url":"https:\/\/pulainfo.hr\/hr\/14-pula-plese-ponovno-okuplja-plesnu-scenu-grada-na-portarati\/","name":"14. Pula ple\u0161e ponovno okuplja plesnu scenu grada na Portarati - Tourism Office Pula","isPartOf":{"@id":"https:\/\/pulainfo.hr\/#website"},"primaryImageOfPage":{"@id":"https:\/\/pulainfo.hr\/hr\/14-pula-plese-ponovno-okuplja-plesnu-scenu-grada-na-portarati\/#primaryimage"},"image":{"@id":"https:\/\/pulainfo.hr\/hr\/14-pula-plese-ponovno-okuplja-plesnu-scenu-grada-na-portarati\/#primaryimage"},"thumbnailUrl":"https:\/\/pulainfo.hr\/wp-content\/uploads\/2026\/08\/STUDIO11-Pula-Plese-02-21-scaled.jpg","datePublished":"2026-08-28T12:29:35+00:00","breadcrumb":{"@id":"https:\/\/pulainfo.hr\/hr\/14-pula-plese-ponovno-okuplja-plesnu-scenu-grada-na-portarati\/#breadcrumb"},"inLanguage":"hr","potentialAction":[{"@type":"ReadAction","target":["https:\/\/pulainfo.hr\/hr\/14-pula-plese-ponovno-okuplja-plesnu-scenu-grada-na-portarati\/"]}]},{"@type":"ImageObject","inLanguage":"hr","@id":"https:\/\/pulainfo.hr\/hr\/14-pula-plese-ponovno-okuplja-plesnu-scenu-grada-na-portarati\/#primaryimage","url":"https:\/\/pulainfo.hr\/wp-content\/uploads\/2026\/08\/STUDIO11-Pula-Plese-02-21-scaled.jpg","contentUrl":"https:\/\/pulainfo.hr\/wp-content\/uploads\/2026\/08\/STUDIO11-Pula-Plese-02-21-scaled.jpg","width":2560,"height":1710},{"@type":"BreadcrumbList","@id":"https:\/\/pulainfo.hr\/hr\/14-pula-plese-ponovno-okuplja-plesnu-scenu-grada-na-portarati\/#breadcrumb","itemListElement":[{"@type":"ListItem","position":1,"name":"Po\u010detna stranica","item":"https:\/\/pulainfo.hr\/hr\/"},{"@type":"ListItem","position":2,"name":"14. Pula ple\u0161e ponovno okuplja plesnu scenu grada na Portarati"}]},{"@type":"WebSite","@id":"https:\/\/pulainfo.hr\/#website","url":"https:\/\/pulainfo.hr\/","name":"Tourism Office Pula","description":"Tourism Office Pula - Official web site","publisher":{"@id":"https:\/\/pulainfo.hr\/#organization"},"potentialAction":[{"@type":"SearchAction","target":{"@type":"EntryPoint","urlTemplate":"https:\/\/pulainfo.hr\/?s={search_term_string}"},"query-input":{"@type":"PropertyValueSpecification","valueRequired":true,"valueName":"search_term_string"}}],"inLanguage":"hr"},{"@type":"Organization","@id":"https:\/\/pulainfo.hr\/#organization","name":"Tourism Office Pula","url":"https:\/\/pulainfo.hr\/","logo":{"@type":"ImageObject","inLanguage":"hr","@id":"https:\/\/pulainfo.hr\/#\/schema\/logo\/image\/","url":"https:\/\/pulainfo.hr\/wp-content\/uploads\/2023\/10\/logo.svg","contentUrl":"https:\/\/pulainfo.hr\/wp-content\/uploads\/2023\/10\/logo.svg","width":171,"height":59,"caption":"Tourism Office Pula"},"image":{"@id":"https:\/\/pulainfo.hr\/#\/schema\/logo\/image\/"}},{"@type":"Person","@id":"https:\/\/pulainfo.hr\/#\/schema\/person\/dc2ada394b351c9a9fd67dc21405e885","name":"Valentina Dudic","image":{"@type":"ImageObject","inLanguage":"hr","@id":"https:\/\/secure.gravatar.com\/avatar\/025da990e05772ca2d158c68c1d4013ad5febc3f765c0e1957f6bb937bda74ac?s=96&d=mm&r=g","url":"https:\/\/secure.gravatar.com\/avatar\/025da990e05772ca2d158c68c1d4013ad5febc3f765c0e1957f6bb937bda74ac?s=96&d=mm&r=g","contentUrl":"https:\/\/secure.gravatar.com\/avatar\/025da990e05772ca2d158c68c1d4013ad5febc3f765c0e1957f6bb937bda74ac?s=96&d=mm&r=g","caption":"Valentina Dudic"},"url":"https:\/\/pulainfo.hr\/hr\/author\/valentina-dudic\/"}]}},"_links":{"self":[{"href":"https:\/\/pulainfo.hr\/hr\/wp-json\/wp\/v2\/posts\/34398","targetHints":{"allow":["GET"]}}],"collection":[{"href":"https:\/\/pulainfo.hr\/hr\/wp-json\/wp\/v2\/posts"}],"about":[{"href":"https:\/\/pulainfo.hr\/hr\/wp-json\/wp\/v2\/types\/post"}],"author":[{"embeddable":true,"href":"https:\/\/pulainfo.hr\/hr\/wp-json\/wp\/v2\/users\/8"}],"replies":[{"embeddable":true,"href":"https:\/\/pulainfo.hr\/hr\/wp-json\/wp\/v2\/comments?post=34398"}],"version-history":[{"count":1,"href":"https:\/\/pulainfo.hr\/hr\/wp-json\/wp\/v2\/posts\/34398\/revisions"}],"predecessor-version":[{"id":34419,"href":"https:\/\/pulainfo.hr\/hr\/wp-json\/wp\/v2\/posts\/34398\/revisions\/34419"}],"wp:featuredmedia":[{"embeddable":true,"href":"https:\/\/pulainfo.hr\/hr\/wp-json\/wp\/v2\/media\/34415"}],"wp:attachment":[{"href":"https:\/\/pulainfo.hr\/hr\/wp-json\/wp\/v2\/media?parent=34398"}],"wp:term":[{"taxonomy":"category","embeddable":true,"href":"https:\/\/pulainfo.hr\/hr\/wp-json\/wp\/v2\/categories?post=34398"},{"taxonomy":"post_tag","embeddable":true,"href":"https:\/\/pulainfo.hr\/hr\/wp-json\/wp\/v2\/tags?post=34398"}],"curies":[{"name":"wp","href":"https:\/\/api.w.org\/{rel}","templated":true}]}}