{"id":26227,"date":"2025-07-02T15:05:00","date_gmt":"2025-07-02T13:05:00","guid":{"rendered":"https:\/\/pulainfo.hr\/?p=26227"},"modified":"2025-07-02T15:11:29","modified_gmt":"2025-07-02T13:11:29","slug":"intenzivni-cestovni-promet-na-podrucju-zagreba-tijekom-vikenda-4-5-6-srpnja-2025","status":"publish","type":"post","link":"https:\/\/pulainfo.hr\/hr\/intenzivni-cestovni-promet-na-podrucju-zagreba-tijekom-vikenda-4-5-6-srpnja-2025\/","title":{"rendered":"Intenzivni cestovni promet na podru\u010dju Zagreba tijekom vikenda 4.\/5.\/6. srpnja 2025"},"content":{"rendered":"<div class=\"col-sm-16 col-lg-15\">\n<article class=\"article-single entry-content entry-content-page\">\n<div class=\"article-inner\">\n<div class=\"intro-text\">\n<p><strong>Informacija o preporu\u010denim na\u010dinima putovanja <\/strong><strong>i alternativnim pravcima prema turisti\u010dkim odredi\u0161tima tijekom vikenda\u00a04.\/5.\/6. srpnja<\/strong><\/p>\n<p>&nbsp;<\/p>\n<\/div>\n<p>U Zagrebu se u subotu 5. srpnja 2025. u ve\u010dernjim satima odr\u017eava veliki koncert na otvorenom, na kojem \u0107e, prema najavama organizatora, biti prisutno oko 500.000 posjetitelja. Zbog toga se nekoliko dana prije odr\u017eavanja koncerta, a pogotovo na sam dan koncerta 5. srpnja 2025. o\u010dekuje intenzivan automobilski promet na autocestama A2, A3 i A4 prema Zagrebu iz svih smjerova, a naro\u010dito iz smjera juga autocestama A1 i A6 te osobito na zagreba\u010dkoj obilaznici.<\/p>\n<p><strong>U no\u0107i sa subote na nedjelju, 5. na 6. srpnja 2025.,\u00a0<\/strong>nakon koncerta, o\u010dekuje se veliko prometno zagu\u0161enje zbog \u010dega Hrvatski autoklub \u2013 HAK savjetuje da se tada izbjegne putovanje prema i oko Zagreba. \u00a0 U samom gradu Zagrebu o\u010dekuje se posebno intenzivan cestovni promet vozila i pje\u0161aka te na odre\u0111enim prometnim pravcima u gradu Zagrebu 4.\/5.\/6. srpnja 2025. ote\u017eano prometovanje uslijed uspostave privremene prometne regulacije.<\/p>\n<p>Obzirom na o\u010dekivana zagu\u0161enja glavnih prometnih pravaca, svim turistima koji u tom razdoblju planiraju cestovno proputovanje kroz ili preko Zagreba iz svojih zemalja prema hrvatskim turisti\u010dkim destinacijama ili povratno iz hrvatskih turisti\u010dkih destinacija prema svojim zemljama \u2013 sugeriramo da putovanje bude jedan ili vi\u0161e dana prije subote 5. srpnja 2025.<\/p>\n<p><strong>Informacija o alternativnim prometnim pravcima\u00a0<\/strong><strong>prema turisti\u010dkim odredi\u0161tima<\/strong><\/p>\n<p><strong>Predlo\u017eeni alternativni pravci za putovanja prema Jadranu:<\/strong><\/p>\n<p><strong>\u2022\u00a0\u00a0\u00a0 Za turiste iz smjera Austrije\/Slovenije<br \/>\n<\/strong><strong>prema Kvarneru i ju\u017enom\/isto\u010dnom dijelu Istre:<\/strong>\u00a0Preporu\u010deni pravac: Graz\/Villach \u2013 Ljubljana \u2013 Postojna \u2013 Rupa (ulaz u HR) \u2013 Rijeka (preko autoceste A7\/E61) \u2013 odredi\u0161ta na Kvarneru (Opatija, Crikvenica, Senj, otoci Krk, Cres, Lo\u0161inj, Rab) ili Istri (Pazin, Rabac, Labin). Napomena 1:<br \/>\nOvim pravcem mogu\u0107 je nastavak putovanja i prema ostalim dijelovima Istre.<br \/>\nNapomena 2:<br \/>\nOvim pravcem mogu\u0107 je nastavak putovanja od Rijeke autocestom A6\/E61 prema Bosiljevu 2 i dalje autocestom A1\/E65 prema Zadru, \u0160ibeniku, Splitu i Dubrovniku.<\/p>\n<p><strong>\u2022\u00a0\u00a0\u00a0 Za turiste iz smjera Austrije\/Slovenije<br \/>\n<\/strong><strong>prema sjevernom i zapadnom dijelu Istre:<\/strong><br \/>\n1.\u00a0\u00a0\u00a0 Preporu\u010deni pravac:<br \/>\nGraz\/Villach \u2013 Ljubljana \u2013 Postojna \u2013 Kopar \u2013 Ka\u0161tel (ulaz u HR) \u2013 Umag \u2013 Pore\u010d \u2013 Rovinj \u2013 Pula. 2.\u00a0\u00a0\u00a0 Preporu\u010deni pravac:<br \/>\nLjubljana \u2013 Postojna \u2013 Kozina \u2013 Starod \u2013 Pasjak D8 (ulaz u HR) pa dalje prema Kvarneru, Crikvenici i otocima (po autocesti A7\/E61 i D8). Napomena: Ovim pravcem mogu\u0107 je nastavak putovanja i prema ostalim dijelovima Istre autocestom A9\/E751) \u2013 tunel U\u010dka (autocesta A8\/E751 u izgradnji) ili po D66 (Pula, Labin, Opatija, Rijeka).<\/p>\n<p><strong>\u2022\u00a0\u00a0\u00a0 Za turiste iz smjera Srbije<br \/>\n<\/strong><strong>prema Istri i sjevernom Jadranu:<\/strong><br \/>\nPreporu\u010deni pravac: Bajakovo (ulaz u HR) \u2013 Slavonski Brod \u2013 Nova Gradi\u0161ka \u2013 Popova\u010da (isklju\u010denje s autoceste A3\/E70) \u2013 Sisak \u2013 Petrinja \u2013 Glina \u2013 Gvozd \u2013 Vojni\u0107 \u2013 Karlovac \u2013 dalje autocestom A6\/E61 prema Rijeci, Istri ili autocestom A1\/E65 prema Zadru, \u0160ibeniku, Splitu i Dubrovniku.<\/p>\n<p><strong>\u2022\u00a0\u00a0\u00a0 Za turiste iz smjera Ma\u0111arske zapadno od Barcs-a<br \/>\n<\/strong><strong>prema Kvarneru i ju\u017enom\/isto\u010dnom dijelu Istre:<\/strong><br \/>\nPreporu\u010deni pravac: Nagykanizsa \u2013 Maribor \u2013 Ljubljana \u2013 Postojna \u2013 Rupa (ulaz u HR) \u2013 Rijeka (preko autoceste A7\/E61) \u2013 odredi\u0161ta na Kvarneru (Opatija, Crikvenica, Senj, otoci Krk, Cres, Lo\u0161inj, Rab) ili Istri (Pazin, Rabac, Labin).<br \/>\nNapomena 1:<br \/>\nOvim pravcem mogu\u0107 je nastavak putovanja i prema ostalim dijelovima Istre.<br \/>\nNapomena 2:<br \/>\nOvim pravcem mogu\u0107 je nastavak putovanja od Rijeke autocestom A6\/E61 prema Bosiljevu i dalje autocestom A1\/E65 prema Zadru, \u0160ibeniku, Splitu i Dubrovniku.<\/p>\n<p><strong>\u2022\u00a0\u00a0\u00a0 Za turiste iz smjera Ma\u0111arske zapadno od Barcs-a<br \/>\n<\/strong><strong>prema sjevernom i zapadnom dijelu Istre:<\/strong><br \/>\nPreporu\u010deni pravac: Nagykanizsa \u2013 Maribor \u2013 Ljubljana \u2013 Postojna \u2013 Kopar \u2013 Ka\u0161tel (ulaz u HR) \u2013 Umag \u2013 Pore\u010d \u2013 Rovinj \u2013 Pula.<\/p>\n<p><strong>\u2022\u00a0\u00a0\u00a0 Za turiste iz smjera Ma\u0111arske isto\u010dno od Barcs-a<br \/>\n<\/strong><strong>prema Istri i sjevernom Jadranu:<\/strong><br \/>\nPreporu\u010deni pravac 1:<br \/>\nVirovitica (ulaz u HR) \u2013 Suhopolje \u2013 Daruvar \u2013 Gare\u0161nica \u2013 Kutina (uklju\u010denje na autocestu A3\/E70) \u2013 Popova\u010da (isklju\u010denje s autoceste A3\/E70) \u2013 Sisak \u2013 Petrinja \u2013 Glina \u2013 Gvozd \u2013 Vojni\u0107 \u2013 Karlovac \u2013 dalje autocestom A6\/E61 prema Rijeci, Istri.<br \/>\nPreporu\u010deni pravac 2:<br \/>\nBeli Manastir (ulaz u HR) \u2013 Osijek \u2013 Slavonski Brod \u2013 Nova Gradi\u0161ka \u2013 Popova\u010da (isklju\u010denje s autoceste A3\/E70) \u2013 Sisak \u2013 Petrinja \u2013 Glina \u2013 Gvozd \u2013 Vojni\u0107 \u2013 Karlovac \u2013 dalje autocestom A6\/E61 prema Rijeci, Istri<\/p>\n<p><strong>Predlo\u017eeni alternativni pravci za povratak s Jadrana:<\/strong><\/p>\n<p><strong>\u2022\u00a0\u00a0\u00a0 Za turiste koji se vra\u0107aju iz ju\u017ene\/isto\u010dne Istre i Kvarnera<br \/>\n<\/strong><strong>prema Sloveniji\/Austriji\/Ma\u0111arskoj:<\/strong><br \/>\nPreporu\u010deni pravac: Rijeka (preko autoceste A7\/E61) \u2013 Rupa (izlaz iz HR) \u2013 Postojna \u2013 Ljubljana \u2013 dalje prema Mariboru\/Nagykanizsi ili Grazu\/Villachu.<\/p>\n<p><strong>\u2022\u00a0\u00a0\u00a0 Za turiste koji se vra\u0107aju iz sjeverne\/zapadne Istre<br \/>\n<\/strong><strong>prema Sloveniji\/Austriji\/Ma\u0111arskoj:<\/strong><br \/>\nPreporu\u010deni pravac: Ka\u0161tel (izlaz iz HR) \u2013 Postojna \u2013 Ljubljana \u2013 dalje prema Mariboru\/Nagykanizsi ili Grazu\/Villachu.<\/p>\n<p><strong>\u2022\u00a0\u00a0\u00a0 Za turiste koji se vra\u0107aju iz Istre i sjevernog Jadrana<br \/>\n<\/strong><strong>prema Srbiji ili Ma\u0111arskoj isto\u010dno od Barcs-a:<\/strong><br \/>\nPreporu\u010deni pravac: Karlovac \u2013 Vojni\u0107 \u2013 Gvozd \u2013 Glina \u2013 Petrinja \u2013 Sisak \u2013 Popova\u010da (uklju\u010denje na autocestu A3\/E70) \u2013 dalje prema odredi\u0161tima prema Srbiji ili Ma\u0111arskoj.<\/p>\n<p><strong><br \/>\nDetaljne informacije mogu se pratiti na stranicama HAK-a<\/strong><br \/>\n<strong>gdje \u0107e se a\u017eurirati na dnevnoj bazi:<\/strong><br \/>\n<strong><a href=\"https:\/\/www.hak.hr\/vijest\/2345\/koncert-promet-zagreb-2025\" target=\"_blank\" rel=\"noopener\">hak.hr\/vijest\/2345\/koncert-promet-zagreb-2025<\/a>\u00a0\u00a0<\/strong><\/p>\n<p>&nbsp;<\/p>\n<p>Info: HAK i Hrvatska turisti\u010dka zajednica<\/p>\n<p>&nbsp;<\/p>\n<\/div>\n<\/article>\n<\/div>\n<div class=\"col-sm-16 col-lg-15\"><\/div>\n","protected":false},"excerpt":{"rendered":"<p>Informacija o preporu\u010denim na\u010dinima putovanja i alternativnim pravcima prema turisti\u010dkim odredi\u0161tima tijekom vikenda\u00a04.\/5.\/6. srpnja &nbsp; &#8230;<\/p>\n","protected":false},"author":8,"featured_media":26228,"comment_status":"closed","ping_status":"closed","sticky":false,"template":"","format":"standard","meta":{"_acf_changed":false,"inline_featured_image":false,"footnotes":""},"categories":[442,137,136],"tags":[],"class_list":["post-26227","post","type-post","status-publish","format-standard","has-post-thumbnail","hentry","category-sluzbene-novosti","category-izdvojene-novosti","category-novosti"],"acf":[],"yoast_head":"<!-- This site is optimized with the Yoast SEO plugin v27.4 - https:\/\/yoast.com\/product\/yoast-seo-wordpress\/ -->\n<title>Intenzivni cestovni promet na podru\u010dju Zagreba tijekom vikenda 4.\/5.\/6. srpnja 2025 - Tourism Office Pula<\/title>\n<meta name=\"robots\" content=\"index, follow, max-snippet:-1, max-image-preview:large, max-video-preview:-1\" \/>\n<link rel=\"canonical\" href=\"https:\/\/pulainfo.hr\/hr\/intenzivni-cestovni-promet-na-podrucju-zagreba-tijekom-vikenda-4-5-6-srpnja-2025\/\" \/>\n<meta property=\"og:locale\" content=\"hr_HR\" \/>\n<meta property=\"og:type\" content=\"article\" \/>\n<meta property=\"og:title\" content=\"Intenzivni cestovni promet na podru\u010dju Zagreba tijekom vikenda 4.\/5.\/6. srpnja 2025 - Tourism Office Pula\" \/>\n<meta property=\"og:description\" content=\"Informacija o preporu\u010denim na\u010dinima putovanja i alternativnim pravcima prema turisti\u010dkim odredi\u0161tima tijekom vikenda\u00a04.\/5.\/6. srpnja &nbsp; ...\" \/>\n<meta property=\"og:url\" content=\"https:\/\/pulainfo.hr\/hr\/intenzivni-cestovni-promet-na-podrucju-zagreba-tijekom-vikenda-4-5-6-srpnja-2025\/\" \/>\n<meta property=\"og:site_name\" content=\"Tourism Office Pula\" \/>\n<meta property=\"article:published_time\" content=\"2025-07-02T13:05:00+00:00\" \/>\n<meta property=\"article:modified_time\" content=\"2025-07-02T13:11:29+00:00\" \/>\n<meta property=\"og:image\" content=\"https:\/\/pulainfo.hr\/wp-content\/uploads\/2025\/07\/HTZ-logo-slogan-hrvatski_0.png\" \/>\n\t<meta property=\"og:image:width\" content=\"414\" \/>\n\t<meta property=\"og:image:height\" content=\"311\" \/>\n\t<meta property=\"og:image:type\" content=\"image\/png\" \/>\n<meta name=\"author\" content=\"Valentina Dudic\" \/>\n<meta name=\"twitter:card\" content=\"summary_large_image\" \/>\n<meta name=\"twitter:label1\" content=\"Napisao\/la\" \/>\n\t<meta name=\"twitter:data1\" content=\"Valentina Dudic\" \/>\n\t<meta name=\"twitter:label2\" content=\"Procijenjeno vrijeme \u010ditanja\" \/>\n\t<meta name=\"twitter:data2\" content=\"4 minute\" \/>\n<script type=\"application\/ld+json\" class=\"yoast-schema-graph\">{\"@context\":\"https:\\\/\\\/schema.org\",\"@graph\":[{\"@type\":\"Article\",\"@id\":\"https:\\\/\\\/pulainfo.hr\\\/hr\\\/intenzivni-cestovni-promet-na-podrucju-zagreba-tijekom-vikenda-4-5-6-srpnja-2025\\\/#article\",\"isPartOf\":{\"@id\":\"https:\\\/\\\/pulainfo.hr\\\/hr\\\/intenzivni-cestovni-promet-na-podrucju-zagreba-tijekom-vikenda-4-5-6-srpnja-2025\\\/\"},\"author\":{\"name\":\"Valentina Dudic\",\"@id\":\"https:\\\/\\\/pulainfo.hr\\\/#\\\/schema\\\/person\\\/dc2ada394b351c9a9fd67dc21405e885\"},\"headline\":\"Intenzivni cestovni promet na podru\u010dju Zagreba tijekom vikenda 4.\\\/5.\\\/6. srpnja 2025\",\"datePublished\":\"2025-07-02T13:05:00+00:00\",\"dateModified\":\"2025-07-02T13:11:29+00:00\",\"mainEntityOfPage\":{\"@id\":\"https:\\\/\\\/pulainfo.hr\\\/hr\\\/intenzivni-cestovni-promet-na-podrucju-zagreba-tijekom-vikenda-4-5-6-srpnja-2025\\\/\"},\"wordCount\":827,\"publisher\":{\"@id\":\"https:\\\/\\\/pulainfo.hr\\\/#organization\"},\"image\":{\"@id\":\"https:\\\/\\\/pulainfo.hr\\\/hr\\\/intenzivni-cestovni-promet-na-podrucju-zagreba-tijekom-vikenda-4-5-6-srpnja-2025\\\/#primaryimage\"},\"thumbnailUrl\":\"https:\\\/\\\/pulainfo.hr\\\/wp-content\\\/uploads\\\/2025\\\/07\\\/HTZ-logo-slogan-hrvatski_0.png\",\"articleSection\":[\"Slu\u017ebene novosti\",\"Izdvojene novosti\",\"Novosti\"],\"inLanguage\":\"hr\"},{\"@type\":\"WebPage\",\"@id\":\"https:\\\/\\\/pulainfo.hr\\\/hr\\\/intenzivni-cestovni-promet-na-podrucju-zagreba-tijekom-vikenda-4-5-6-srpnja-2025\\\/\",\"url\":\"https:\\\/\\\/pulainfo.hr\\\/hr\\\/intenzivni-cestovni-promet-na-podrucju-zagreba-tijekom-vikenda-4-5-6-srpnja-2025\\\/\",\"name\":\"Intenzivni cestovni promet na podru\u010dju Zagreba tijekom vikenda 4.\\\/5.\\\/6. srpnja 2025 - Tourism Office Pula\",\"isPartOf\":{\"@id\":\"https:\\\/\\\/pulainfo.hr\\\/#website\"},\"primaryImageOfPage\":{\"@id\":\"https:\\\/\\\/pulainfo.hr\\\/hr\\\/intenzivni-cestovni-promet-na-podrucju-zagreba-tijekom-vikenda-4-5-6-srpnja-2025\\\/#primaryimage\"},\"image\":{\"@id\":\"https:\\\/\\\/pulainfo.hr\\\/hr\\\/intenzivni-cestovni-promet-na-podrucju-zagreba-tijekom-vikenda-4-5-6-srpnja-2025\\\/#primaryimage\"},\"thumbnailUrl\":\"https:\\\/\\\/pulainfo.hr\\\/wp-content\\\/uploads\\\/2025\\\/07\\\/HTZ-logo-slogan-hrvatski_0.png\",\"datePublished\":\"2025-07-02T13:05:00+00:00\",\"dateModified\":\"2025-07-02T13:11:29+00:00\",\"breadcrumb\":{\"@id\":\"https:\\\/\\\/pulainfo.hr\\\/hr\\\/intenzivni-cestovni-promet-na-podrucju-zagreba-tijekom-vikenda-4-5-6-srpnja-2025\\\/#breadcrumb\"},\"inLanguage\":\"hr\",\"potentialAction\":[{\"@type\":\"ReadAction\",\"target\":[\"https:\\\/\\\/pulainfo.hr\\\/hr\\\/intenzivni-cestovni-promet-na-podrucju-zagreba-tijekom-vikenda-4-5-6-srpnja-2025\\\/\"]}]},{\"@type\":\"ImageObject\",\"inLanguage\":\"hr\",\"@id\":\"https:\\\/\\\/pulainfo.hr\\\/hr\\\/intenzivni-cestovni-promet-na-podrucju-zagreba-tijekom-vikenda-4-5-6-srpnja-2025\\\/#primaryimage\",\"url\":\"https:\\\/\\\/pulainfo.hr\\\/wp-content\\\/uploads\\\/2025\\\/07\\\/HTZ-logo-slogan-hrvatski_0.png\",\"contentUrl\":\"https:\\\/\\\/pulainfo.hr\\\/wp-content\\\/uploads\\\/2025\\\/07\\\/HTZ-logo-slogan-hrvatski_0.png\",\"width\":414,\"height\":311},{\"@type\":\"BreadcrumbList\",\"@id\":\"https:\\\/\\\/pulainfo.hr\\\/hr\\\/intenzivni-cestovni-promet-na-podrucju-zagreba-tijekom-vikenda-4-5-6-srpnja-2025\\\/#breadcrumb\",\"itemListElement\":[{\"@type\":\"ListItem\",\"position\":1,\"name\":\"Po\u010detna stranica\",\"item\":\"https:\\\/\\\/pulainfo.hr\\\/hr\\\/\"},{\"@type\":\"ListItem\",\"position\":2,\"name\":\"Intenzivni cestovni promet na podru\u010dju Zagreba tijekom vikenda 4.\\\/5.\\\/6. srpnja 2025\"}]},{\"@type\":\"WebSite\",\"@id\":\"https:\\\/\\\/pulainfo.hr\\\/#website\",\"url\":\"https:\\\/\\\/pulainfo.hr\\\/\",\"name\":\"Tourism Office Pula\",\"description\":\"Tourism Office Pula - Official web site\",\"publisher\":{\"@id\":\"https:\\\/\\\/pulainfo.hr\\\/#organization\"},\"potentialAction\":[{\"@type\":\"SearchAction\",\"target\":{\"@type\":\"EntryPoint\",\"urlTemplate\":\"https:\\\/\\\/pulainfo.hr\\\/?s={search_term_string}\"},\"query-input\":{\"@type\":\"PropertyValueSpecification\",\"valueRequired\":true,\"valueName\":\"search_term_string\"}}],\"inLanguage\":\"hr\"},{\"@type\":\"Organization\",\"@id\":\"https:\\\/\\\/pulainfo.hr\\\/#organization\",\"name\":\"Tourism Office Pula\",\"url\":\"https:\\\/\\\/pulainfo.hr\\\/\",\"logo\":{\"@type\":\"ImageObject\",\"inLanguage\":\"hr\",\"@id\":\"https:\\\/\\\/pulainfo.hr\\\/#\\\/schema\\\/logo\\\/image\\\/\",\"url\":\"https:\\\/\\\/pulainfo.hr\\\/wp-content\\\/uploads\\\/2023\\\/10\\\/logo.svg\",\"contentUrl\":\"https:\\\/\\\/pulainfo.hr\\\/wp-content\\\/uploads\\\/2023\\\/10\\\/logo.svg\",\"width\":171,\"height\":59,\"caption\":\"Tourism Office Pula\"},\"image\":{\"@id\":\"https:\\\/\\\/pulainfo.hr\\\/#\\\/schema\\\/logo\\\/image\\\/\"}},{\"@type\":\"Person\",\"@id\":\"https:\\\/\\\/pulainfo.hr\\\/#\\\/schema\\\/person\\\/dc2ada394b351c9a9fd67dc21405e885\",\"name\":\"Valentina Dudic\",\"image\":{\"@type\":\"ImageObject\",\"inLanguage\":\"hr\",\"@id\":\"https:\\\/\\\/secure.gravatar.com\\\/avatar\\\/025da990e05772ca2d158c68c1d4013ad5febc3f765c0e1957f6bb937bda74ac?s=96&d=mm&r=g\",\"url\":\"https:\\\/\\\/secure.gravatar.com\\\/avatar\\\/025da990e05772ca2d158c68c1d4013ad5febc3f765c0e1957f6bb937bda74ac?s=96&d=mm&r=g\",\"contentUrl\":\"https:\\\/\\\/secure.gravatar.com\\\/avatar\\\/025da990e05772ca2d158c68c1d4013ad5febc3f765c0e1957f6bb937bda74ac?s=96&d=mm&r=g\",\"caption\":\"Valentina Dudic\"},\"url\":\"https:\\\/\\\/pulainfo.hr\\\/hr\\\/author\\\/valentina-dudic\\\/\"}]}<\/script>\n<!-- \/ Yoast SEO plugin. -->","yoast_head_json":{"title":"Intenzivni cestovni promet na podru\u010dju Zagreba tijekom vikenda 4.\/5.\/6. srpnja 2025 - Tourism Office Pula","robots":{"index":"index","follow":"follow","max-snippet":"max-snippet:-1","max-image-preview":"max-image-preview:large","max-video-preview":"max-video-preview:-1"},"canonical":"https:\/\/pulainfo.hr\/hr\/intenzivni-cestovni-promet-na-podrucju-zagreba-tijekom-vikenda-4-5-6-srpnja-2025\/","og_locale":"hr_HR","og_type":"article","og_title":"Intenzivni cestovni promet na podru\u010dju Zagreba tijekom vikenda 4.\/5.\/6. srpnja 2025 - Tourism Office Pula","og_description":"Informacija o preporu\u010denim na\u010dinima putovanja i alternativnim pravcima prema turisti\u010dkim odredi\u0161tima tijekom vikenda\u00a04.\/5.\/6. srpnja &nbsp; ...","og_url":"https:\/\/pulainfo.hr\/hr\/intenzivni-cestovni-promet-na-podrucju-zagreba-tijekom-vikenda-4-5-6-srpnja-2025\/","og_site_name":"Tourism Office Pula","article_published_time":"2025-07-02T13:05:00+00:00","article_modified_time":"2025-07-02T13:11:29+00:00","og_image":[{"width":414,"height":311,"url":"https:\/\/pulainfo.hr\/wp-content\/uploads\/2025\/07\/HTZ-logo-slogan-hrvatski_0.png","type":"image\/png"}],"author":"Valentina Dudic","twitter_card":"summary_large_image","twitter_misc":{"Napisao\/la":"Valentina Dudic","Procijenjeno vrijeme \u010ditanja":"4 minute"},"schema":{"@context":"https:\/\/schema.org","@graph":[{"@type":"Article","@id":"https:\/\/pulainfo.hr\/hr\/intenzivni-cestovni-promet-na-podrucju-zagreba-tijekom-vikenda-4-5-6-srpnja-2025\/#article","isPartOf":{"@id":"https:\/\/pulainfo.hr\/hr\/intenzivni-cestovni-promet-na-podrucju-zagreba-tijekom-vikenda-4-5-6-srpnja-2025\/"},"author":{"name":"Valentina Dudic","@id":"https:\/\/pulainfo.hr\/#\/schema\/person\/dc2ada394b351c9a9fd67dc21405e885"},"headline":"Intenzivni cestovni promet na podru\u010dju Zagreba tijekom vikenda 4.\/5.\/6. srpnja 2025","datePublished":"2025-07-02T13:05:00+00:00","dateModified":"2025-07-02T13:11:29+00:00","mainEntityOfPage":{"@id":"https:\/\/pulainfo.hr\/hr\/intenzivni-cestovni-promet-na-podrucju-zagreba-tijekom-vikenda-4-5-6-srpnja-2025\/"},"wordCount":827,"publisher":{"@id":"https:\/\/pulainfo.hr\/#organization"},"image":{"@id":"https:\/\/pulainfo.hr\/hr\/intenzivni-cestovni-promet-na-podrucju-zagreba-tijekom-vikenda-4-5-6-srpnja-2025\/#primaryimage"},"thumbnailUrl":"https:\/\/pulainfo.hr\/wp-content\/uploads\/2025\/07\/HTZ-logo-slogan-hrvatski_0.png","articleSection":["Slu\u017ebene novosti","Izdvojene novosti","Novosti"],"inLanguage":"hr"},{"@type":"WebPage","@id":"https:\/\/pulainfo.hr\/hr\/intenzivni-cestovni-promet-na-podrucju-zagreba-tijekom-vikenda-4-5-6-srpnja-2025\/","url":"https:\/\/pulainfo.hr\/hr\/intenzivni-cestovni-promet-na-podrucju-zagreba-tijekom-vikenda-4-5-6-srpnja-2025\/","name":"Intenzivni cestovni promet na podru\u010dju Zagreba tijekom vikenda 4.\/5.\/6. srpnja 2025 - Tourism Office Pula","isPartOf":{"@id":"https:\/\/pulainfo.hr\/#website"},"primaryImageOfPage":{"@id":"https:\/\/pulainfo.hr\/hr\/intenzivni-cestovni-promet-na-podrucju-zagreba-tijekom-vikenda-4-5-6-srpnja-2025\/#primaryimage"},"image":{"@id":"https:\/\/pulainfo.hr\/hr\/intenzivni-cestovni-promet-na-podrucju-zagreba-tijekom-vikenda-4-5-6-srpnja-2025\/#primaryimage"},"thumbnailUrl":"https:\/\/pulainfo.hr\/wp-content\/uploads\/2025\/07\/HTZ-logo-slogan-hrvatski_0.png","datePublished":"2025-07-02T13:05:00+00:00","dateModified":"2025-07-02T13:11:29+00:00","breadcrumb":{"@id":"https:\/\/pulainfo.hr\/hr\/intenzivni-cestovni-promet-na-podrucju-zagreba-tijekom-vikenda-4-5-6-srpnja-2025\/#breadcrumb"},"inLanguage":"hr","potentialAction":[{"@type":"ReadAction","target":["https:\/\/pulainfo.hr\/hr\/intenzivni-cestovni-promet-na-podrucju-zagreba-tijekom-vikenda-4-5-6-srpnja-2025\/"]}]},{"@type":"ImageObject","inLanguage":"hr","@id":"https:\/\/pulainfo.hr\/hr\/intenzivni-cestovni-promet-na-podrucju-zagreba-tijekom-vikenda-4-5-6-srpnja-2025\/#primaryimage","url":"https:\/\/pulainfo.hr\/wp-content\/uploads\/2025\/07\/HTZ-logo-slogan-hrvatski_0.png","contentUrl":"https:\/\/pulainfo.hr\/wp-content\/uploads\/2025\/07\/HTZ-logo-slogan-hrvatski_0.png","width":414,"height":311},{"@type":"BreadcrumbList","@id":"https:\/\/pulainfo.hr\/hr\/intenzivni-cestovni-promet-na-podrucju-zagreba-tijekom-vikenda-4-5-6-srpnja-2025\/#breadcrumb","itemListElement":[{"@type":"ListItem","position":1,"name":"Po\u010detna stranica","item":"https:\/\/pulainfo.hr\/hr\/"},{"@type":"ListItem","position":2,"name":"Intenzivni cestovni promet na podru\u010dju Zagreba tijekom vikenda 4.\/5.\/6. srpnja 2025"}]},{"@type":"WebSite","@id":"https:\/\/pulainfo.hr\/#website","url":"https:\/\/pulainfo.hr\/","name":"Tourism Office Pula","description":"Tourism Office Pula - Official web site","publisher":{"@id":"https:\/\/pulainfo.hr\/#organization"},"potentialAction":[{"@type":"SearchAction","target":{"@type":"EntryPoint","urlTemplate":"https:\/\/pulainfo.hr\/?s={search_term_string}"},"query-input":{"@type":"PropertyValueSpecification","valueRequired":true,"valueName":"search_term_string"}}],"inLanguage":"hr"},{"@type":"Organization","@id":"https:\/\/pulainfo.hr\/#organization","name":"Tourism Office Pula","url":"https:\/\/pulainfo.hr\/","logo":{"@type":"ImageObject","inLanguage":"hr","@id":"https:\/\/pulainfo.hr\/#\/schema\/logo\/image\/","url":"https:\/\/pulainfo.hr\/wp-content\/uploads\/2023\/10\/logo.svg","contentUrl":"https:\/\/pulainfo.hr\/wp-content\/uploads\/2023\/10\/logo.svg","width":171,"height":59,"caption":"Tourism Office Pula"},"image":{"@id":"https:\/\/pulainfo.hr\/#\/schema\/logo\/image\/"}},{"@type":"Person","@id":"https:\/\/pulainfo.hr\/#\/schema\/person\/dc2ada394b351c9a9fd67dc21405e885","name":"Valentina Dudic","image":{"@type":"ImageObject","inLanguage":"hr","@id":"https:\/\/secure.gravatar.com\/avatar\/025da990e05772ca2d158c68c1d4013ad5febc3f765c0e1957f6bb937bda74ac?s=96&d=mm&r=g","url":"https:\/\/secure.gravatar.com\/avatar\/025da990e05772ca2d158c68c1d4013ad5febc3f765c0e1957f6bb937bda74ac?s=96&d=mm&r=g","contentUrl":"https:\/\/secure.gravatar.com\/avatar\/025da990e05772ca2d158c68c1d4013ad5febc3f765c0e1957f6bb937bda74ac?s=96&d=mm&r=g","caption":"Valentina Dudic"},"url":"https:\/\/pulainfo.hr\/hr\/author\/valentina-dudic\/"}]}},"_links":{"self":[{"href":"https:\/\/pulainfo.hr\/hr\/wp-json\/wp\/v2\/posts\/26227","targetHints":{"allow":["GET"]}}],"collection":[{"href":"https:\/\/pulainfo.hr\/hr\/wp-json\/wp\/v2\/posts"}],"about":[{"href":"https:\/\/pulainfo.hr\/hr\/wp-json\/wp\/v2\/types\/post"}],"author":[{"embeddable":true,"href":"https:\/\/pulainfo.hr\/hr\/wp-json\/wp\/v2\/users\/8"}],"replies":[{"embeddable":true,"href":"https:\/\/pulainfo.hr\/hr\/wp-json\/wp\/v2\/comments?post=26227"}],"version-history":[{"count":2,"href":"https:\/\/pulainfo.hr\/hr\/wp-json\/wp\/v2\/posts\/26227\/revisions"}],"predecessor-version":[{"id":26236,"href":"https:\/\/pulainfo.hr\/hr\/wp-json\/wp\/v2\/posts\/26227\/revisions\/26236"}],"wp:featuredmedia":[{"embeddable":true,"href":"https:\/\/pulainfo.hr\/hr\/wp-json\/wp\/v2\/media\/26228"}],"wp:attachment":[{"href":"https:\/\/pulainfo.hr\/hr\/wp-json\/wp\/v2\/media?parent=26227"}],"wp:term":[{"taxonomy":"category","embeddable":true,"href":"https:\/\/pulainfo.hr\/hr\/wp-json\/wp\/v2\/categories?post=26227"},{"taxonomy":"post_tag","embeddable":true,"href":"https:\/\/pulainfo.hr\/hr\/wp-json\/wp\/v2\/tags?post=26227"}],"curies":[{"name":"wp","href":"https:\/\/api.w.org\/{rel}","templated":true}]}}