{"id":20199,"date":"2024-12-17T11:59:54","date_gmt":"2024-12-17T10:59:54","guid":{"rendered":"https:\/\/pulainfo.hr\/?p=20199"},"modified":"2024-12-17T11:59:54","modified_gmt":"2024-12-17T10:59:54","slug":"nestvarni-prizori-i-prvi-klizaci-na-ledu-otvoren-je-prvi-advent-u-areni","status":"publish","type":"post","link":"https:\/\/pulainfo.hr\/hr\/nestvarni-prizori-i-prvi-klizaci-na-ledu-otvoren-je-prvi-advent-u-areni\/","title":{"rendered":"Nestvarni prizori i prvi kliza\u010di na ledu &#8211; otvoren je prvi Advent u Areni!"},"content":{"rendered":"<p>Ovog je petka pred mnogobrojnim posjetiteljima po prvi puta u punom blagdanskom sjaju zablistala je pulska Arena! Atraktivnim programom u kojemu je sudjelovalo \u010dak 50 izvo\u0111a\u010da i paljenjem bo\u017ei\u0107ne dekoracije ozna\u010den je po\u010detak Adventa u Areni.<\/p>\n<p>Jedinstveni vizualni do\u017eivljaj i spektakularni prizori odu\u0161evili su brojne posjetitelje, a unikatni dekorativni elementi koji krase amfiteatar ve\u0107 su prvog dana postali omiljena kulisa za fotografiranje! Prilikom ulaska u Arenu, posjetitelji mogu pro\u0107i kroz 8 metara duge, lampicama opto\u010dene arkade koje otvaraju pogled prema pravoj bo\u017ei\u0107noj \u010daroliji. Tribine su u potpunosti zasnije\u017eene i krasi ih 111 osvijetljenih borova, dok se me\u0111u adventskim ku\u0107icama smjestila rimska ko\u010dija s dva stilizirana konja. Tu su i vile graditeljice koje prolaznike podsje\u0107aju na drevnu mitsku pri\u010du, a \u0161etnja iza tribina otkriva tri svjetlosna tunela. Visualia Group, kolektiv koji je specijaliziran za svjetlosne instalacije, centralni je tunel pretvorio u atraktivnu bo\u017ei\u0107nu pri\u010du uz pomo\u0107 tematskih projekcija koje nikog nisu ostavile ravnodu\u0161nim.<\/p>\n<p>\u201eIzuzetno smo ponosni \u0161to smo autori Adventa u Areni i veseli nas \u0161to smo sve ideje i zamisli uspjeli prenijeti u prostor u onom obliku u kojem su bile i planirane. Zahvalio bih Gradu Puli, Pula Film Festivalu i TZ grada Pule na mogu\u0107nosti da zajedno kreiramo projekt koji \u0107e zasigurno odjeknuti u cijeloj regiji te svima onima koji su dali svoj doprinos da Arena dobije svoju bo\u017ei\u0107nu bajku. S obzirom na zaista veliki broj posjetitelja ve\u0107 prvog dana vjerujem da smo svi zajedno uspjeli. Vjerujemo da \u0107e Advent biti razlog dolaska u Pulu i da \u0107e posjetitelji izlaskom iz Arene ponijeti lijepe uspomene i svakako se po\u017eeljeti bar jo\u0161 jednom vratiti.\u201c izjavio je Vedran Babi\u0107 iz tvrtke Inspiro Lab.<\/p>\n<p>Centralni dio amfiteatra zauzima prostrano klizali\u0161te u kojem su kliza\u010dice i kliza\u010di u\u017eivali ve\u0107 prvog dana, a na led je prvi stao kliza\u010dki klub Medo iz Zagreba \u010diji su kliza\u010di kroz bajkovite kostime, rasko\u0161nu scenografiju i baletnu glazbu o\u017eivjeli omiljene pri\u010de. Pulska glazbenica Kristina Ivekovi\u0107 u Arenu je donijela da\u0161ak glazbene \u010darolije, a uz blagdanski klasik \u201eAll I Want for Christmas\u201c slu\u017ebeno je otvoreno klizali\u0161te u Areni.<\/p>\n<p>\u201eOtvoriti prvo adventsko klizali\u0161te u Areni u Puli pravi je presti\u017e. Kao regionalni lider u proizvodnji i iznajmljivanju klizali\u0161ta te popratne opreme s dugogodi\u0161njim iskustvom, ponosni smo \u0161to upravo na\u0161i proizvodi, na\u0161i ljudi i partneri mogu biti dio ovog predivnog doga\u0111aja u povijesnom ambijentu. Ovaj projekt objedinio je na\u0161u stru\u010dnost u proizvodnji i monta\u017ei klizali\u0161ta s jedinstvenom prilikom da sura\u0111ujemo s Gradom Pulom, Pula Film Festivalom i autorom projekta Inspiro Lab, kao i na\u0161im partnerima \u017diviice i Company Logistic j.d.o.o. na stvaranju nezaboravnog zimskog iskustva. Zahvalni smo na ukazanom povjerenju i izuzetnoj suradnji. Biti partner u organizaciji ovakvog doga\u0111aja zaista je \u010dast\u201d \u00a0izjavio je Denis Ventin, prokurist Arctic d.o.o.<\/p>\n<p>Posjetitelji \u0107e mo\u0107i u\u017eivati u ovoj jedinstvenoj bo\u017ei\u0107noj pri\u010di do 6. sije\u010dnja 2025. godine, a radno vrijeme Adventa u Areni je od nedjelje do \u010detvrtka od 10:00 h do 22:00 sati te petkom i subotom od 10:00 do 23:00 sata. Ulaz je za sve posjetitelje slobodan.<\/p>\n<p>&nbsp;<\/p>\n","protected":false},"excerpt":{"rendered":"<p>Ovog je petka pred mnogobrojnim posjetiteljima po prvi puta u punom blagdanskom sjaju zablistala je &#8230;<\/p>\n","protected":false},"author":8,"featured_media":20200,"comment_status":"closed","ping_status":"closed","sticky":false,"template":"","format":"standard","meta":{"_acf_changed":false,"inline_featured_image":false,"footnotes":""},"categories":[137,136],"tags":[],"class_list":["post-20199","post","type-post","status-publish","format-standard","has-post-thumbnail","hentry","category-izdvojene-novosti","category-novosti"],"acf":[],"yoast_head":"<!-- This site is optimized with the Yoast SEO plugin v27.4 - https:\/\/yoast.com\/product\/yoast-seo-wordpress\/ -->\n<title>Nestvarni prizori i prvi kliza\u010di na ledu - otvoren je prvi Advent u Areni! - Tourism Office Pula<\/title>\n<meta name=\"robots\" content=\"index, follow, max-snippet:-1, max-image-preview:large, max-video-preview:-1\" \/>\n<link rel=\"canonical\" href=\"https:\/\/pulainfo.hr\/hr\/nestvarni-prizori-i-prvi-klizaci-na-ledu-otvoren-je-prvi-advent-u-areni\/\" \/>\n<meta property=\"og:locale\" content=\"hr_HR\" \/>\n<meta property=\"og:type\" content=\"article\" \/>\n<meta property=\"og:title\" content=\"Nestvarni prizori i prvi kliza\u010di na ledu - otvoren je prvi Advent u Areni! - Tourism Office Pula\" \/>\n<meta property=\"og:description\" content=\"Ovog je petka pred mnogobrojnim posjetiteljima po prvi puta u punom blagdanskom sjaju zablistala je ...\" \/>\n<meta property=\"og:url\" content=\"https:\/\/pulainfo.hr\/hr\/nestvarni-prizori-i-prvi-klizaci-na-ledu-otvoren-je-prvi-advent-u-areni\/\" \/>\n<meta property=\"og:site_name\" content=\"Tourism Office Pula\" \/>\n<meta property=\"article:published_time\" content=\"2024-12-17T10:59:54+00:00\" \/>\n<meta property=\"og:image\" content=\"https:\/\/pulainfo.hr\/wp-content\/uploads\/2024\/12\/arena_advent4-061224-scaled.jpg\" \/>\n\t<meta property=\"og:image:width\" content=\"2560\" \/>\n\t<meta property=\"og:image:height\" content=\"1920\" \/>\n\t<meta property=\"og:image:type\" content=\"image\/jpeg\" \/>\n<meta name=\"author\" content=\"Valentina Dudic\" \/>\n<meta name=\"twitter:card\" content=\"summary_large_image\" \/>\n<meta name=\"twitter:label1\" content=\"Napisao\/la\" \/>\n\t<meta name=\"twitter:data1\" content=\"Valentina Dudic\" \/>\n\t<meta name=\"twitter:label2\" content=\"Procijenjeno vrijeme \u010ditanja\" \/>\n\t<meta name=\"twitter:data2\" content=\"3 minute\" \/>\n<script type=\"application\/ld+json\" class=\"yoast-schema-graph\">{\"@context\":\"https:\\\/\\\/schema.org\",\"@graph\":[{\"@type\":\"Article\",\"@id\":\"https:\\\/\\\/pulainfo.hr\\\/hr\\\/nestvarni-prizori-i-prvi-klizaci-na-ledu-otvoren-je-prvi-advent-u-areni\\\/#article\",\"isPartOf\":{\"@id\":\"https:\\\/\\\/pulainfo.hr\\\/hr\\\/nestvarni-prizori-i-prvi-klizaci-na-ledu-otvoren-je-prvi-advent-u-areni\\\/\"},\"author\":{\"name\":\"Valentina Dudic\",\"@id\":\"https:\\\/\\\/pulainfo.hr\\\/#\\\/schema\\\/person\\\/dc2ada394b351c9a9fd67dc21405e885\"},\"headline\":\"Nestvarni prizori i prvi kliza\u010di na ledu &#8211; otvoren je prvi Advent u Areni!\",\"datePublished\":\"2024-12-17T10:59:54+00:00\",\"mainEntityOfPage\":{\"@id\":\"https:\\\/\\\/pulainfo.hr\\\/hr\\\/nestvarni-prizori-i-prvi-klizaci-na-ledu-otvoren-je-prvi-advent-u-areni\\\/\"},\"wordCount\":563,\"publisher\":{\"@id\":\"https:\\\/\\\/pulainfo.hr\\\/#organization\"},\"image\":{\"@id\":\"https:\\\/\\\/pulainfo.hr\\\/hr\\\/nestvarni-prizori-i-prvi-klizaci-na-ledu-otvoren-je-prvi-advent-u-areni\\\/#primaryimage\"},\"thumbnailUrl\":\"https:\\\/\\\/pulainfo.hr\\\/wp-content\\\/uploads\\\/2024\\\/12\\\/arena_advent4-061224-scaled.jpg\",\"articleSection\":[\"Izdvojene novosti\",\"Novosti\"],\"inLanguage\":\"hr\"},{\"@type\":\"WebPage\",\"@id\":\"https:\\\/\\\/pulainfo.hr\\\/hr\\\/nestvarni-prizori-i-prvi-klizaci-na-ledu-otvoren-je-prvi-advent-u-areni\\\/\",\"url\":\"https:\\\/\\\/pulainfo.hr\\\/hr\\\/nestvarni-prizori-i-prvi-klizaci-na-ledu-otvoren-je-prvi-advent-u-areni\\\/\",\"name\":\"Nestvarni prizori i prvi kliza\u010di na ledu - otvoren je prvi Advent u Areni! - Tourism Office Pula\",\"isPartOf\":{\"@id\":\"https:\\\/\\\/pulainfo.hr\\\/#website\"},\"primaryImageOfPage\":{\"@id\":\"https:\\\/\\\/pulainfo.hr\\\/hr\\\/nestvarni-prizori-i-prvi-klizaci-na-ledu-otvoren-je-prvi-advent-u-areni\\\/#primaryimage\"},\"image\":{\"@id\":\"https:\\\/\\\/pulainfo.hr\\\/hr\\\/nestvarni-prizori-i-prvi-klizaci-na-ledu-otvoren-je-prvi-advent-u-areni\\\/#primaryimage\"},\"thumbnailUrl\":\"https:\\\/\\\/pulainfo.hr\\\/wp-content\\\/uploads\\\/2024\\\/12\\\/arena_advent4-061224-scaled.jpg\",\"datePublished\":\"2024-12-17T10:59:54+00:00\",\"breadcrumb\":{\"@id\":\"https:\\\/\\\/pulainfo.hr\\\/hr\\\/nestvarni-prizori-i-prvi-klizaci-na-ledu-otvoren-je-prvi-advent-u-areni\\\/#breadcrumb\"},\"inLanguage\":\"hr\",\"potentialAction\":[{\"@type\":\"ReadAction\",\"target\":[\"https:\\\/\\\/pulainfo.hr\\\/hr\\\/nestvarni-prizori-i-prvi-klizaci-na-ledu-otvoren-je-prvi-advent-u-areni\\\/\"]}]},{\"@type\":\"ImageObject\",\"inLanguage\":\"hr\",\"@id\":\"https:\\\/\\\/pulainfo.hr\\\/hr\\\/nestvarni-prizori-i-prvi-klizaci-na-ledu-otvoren-je-prvi-advent-u-areni\\\/#primaryimage\",\"url\":\"https:\\\/\\\/pulainfo.hr\\\/wp-content\\\/uploads\\\/2024\\\/12\\\/arena_advent4-061224-scaled.jpg\",\"contentUrl\":\"https:\\\/\\\/pulainfo.hr\\\/wp-content\\\/uploads\\\/2024\\\/12\\\/arena_advent4-061224-scaled.jpg\",\"width\":2560,\"height\":1920},{\"@type\":\"BreadcrumbList\",\"@id\":\"https:\\\/\\\/pulainfo.hr\\\/hr\\\/nestvarni-prizori-i-prvi-klizaci-na-ledu-otvoren-je-prvi-advent-u-areni\\\/#breadcrumb\",\"itemListElement\":[{\"@type\":\"ListItem\",\"position\":1,\"name\":\"Po\u010detna stranica\",\"item\":\"https:\\\/\\\/pulainfo.hr\\\/hr\\\/\"},{\"@type\":\"ListItem\",\"position\":2,\"name\":\"Nestvarni prizori i prvi kliza\u010di na ledu &#8211; otvoren je prvi Advent u Areni!\"}]},{\"@type\":\"WebSite\",\"@id\":\"https:\\\/\\\/pulainfo.hr\\\/#website\",\"url\":\"https:\\\/\\\/pulainfo.hr\\\/\",\"name\":\"Tourism Office Pula\",\"description\":\"Tourism Office Pula - Official web site\",\"publisher\":{\"@id\":\"https:\\\/\\\/pulainfo.hr\\\/#organization\"},\"potentialAction\":[{\"@type\":\"SearchAction\",\"target\":{\"@type\":\"EntryPoint\",\"urlTemplate\":\"https:\\\/\\\/pulainfo.hr\\\/?s={search_term_string}\"},\"query-input\":{\"@type\":\"PropertyValueSpecification\",\"valueRequired\":true,\"valueName\":\"search_term_string\"}}],\"inLanguage\":\"hr\"},{\"@type\":\"Organization\",\"@id\":\"https:\\\/\\\/pulainfo.hr\\\/#organization\",\"name\":\"Tourism Office Pula\",\"url\":\"https:\\\/\\\/pulainfo.hr\\\/\",\"logo\":{\"@type\":\"ImageObject\",\"inLanguage\":\"hr\",\"@id\":\"https:\\\/\\\/pulainfo.hr\\\/#\\\/schema\\\/logo\\\/image\\\/\",\"url\":\"https:\\\/\\\/pulainfo.hr\\\/wp-content\\\/uploads\\\/2023\\\/10\\\/logo.svg\",\"contentUrl\":\"https:\\\/\\\/pulainfo.hr\\\/wp-content\\\/uploads\\\/2023\\\/10\\\/logo.svg\",\"width\":171,\"height\":59,\"caption\":\"Tourism Office Pula\"},\"image\":{\"@id\":\"https:\\\/\\\/pulainfo.hr\\\/#\\\/schema\\\/logo\\\/image\\\/\"}},{\"@type\":\"Person\",\"@id\":\"https:\\\/\\\/pulainfo.hr\\\/#\\\/schema\\\/person\\\/dc2ada394b351c9a9fd67dc21405e885\",\"name\":\"Valentina Dudic\",\"image\":{\"@type\":\"ImageObject\",\"inLanguage\":\"hr\",\"@id\":\"https:\\\/\\\/secure.gravatar.com\\\/avatar\\\/025da990e05772ca2d158c68c1d4013ad5febc3f765c0e1957f6bb937bda74ac?s=96&d=mm&r=g\",\"url\":\"https:\\\/\\\/secure.gravatar.com\\\/avatar\\\/025da990e05772ca2d158c68c1d4013ad5febc3f765c0e1957f6bb937bda74ac?s=96&d=mm&r=g\",\"contentUrl\":\"https:\\\/\\\/secure.gravatar.com\\\/avatar\\\/025da990e05772ca2d158c68c1d4013ad5febc3f765c0e1957f6bb937bda74ac?s=96&d=mm&r=g\",\"caption\":\"Valentina Dudic\"},\"url\":\"https:\\\/\\\/pulainfo.hr\\\/hr\\\/author\\\/valentina-dudic\\\/\"}]}<\/script>\n<!-- \/ Yoast SEO plugin. -->","yoast_head_json":{"title":"Nestvarni prizori i prvi kliza\u010di na ledu - otvoren je prvi Advent u Areni! - Tourism Office Pula","robots":{"index":"index","follow":"follow","max-snippet":"max-snippet:-1","max-image-preview":"max-image-preview:large","max-video-preview":"max-video-preview:-1"},"canonical":"https:\/\/pulainfo.hr\/hr\/nestvarni-prizori-i-prvi-klizaci-na-ledu-otvoren-je-prvi-advent-u-areni\/","og_locale":"hr_HR","og_type":"article","og_title":"Nestvarni prizori i prvi kliza\u010di na ledu - otvoren je prvi Advent u Areni! - Tourism Office Pula","og_description":"Ovog je petka pred mnogobrojnim posjetiteljima po prvi puta u punom blagdanskom sjaju zablistala je ...","og_url":"https:\/\/pulainfo.hr\/hr\/nestvarni-prizori-i-prvi-klizaci-na-ledu-otvoren-je-prvi-advent-u-areni\/","og_site_name":"Tourism Office Pula","article_published_time":"2024-12-17T10:59:54+00:00","og_image":[{"width":2560,"height":1920,"url":"https:\/\/pulainfo.hr\/wp-content\/uploads\/2024\/12\/arena_advent4-061224-scaled.jpg","type":"image\/jpeg"}],"author":"Valentina Dudic","twitter_card":"summary_large_image","twitter_misc":{"Napisao\/la":"Valentina Dudic","Procijenjeno vrijeme \u010ditanja":"3 minute"},"schema":{"@context":"https:\/\/schema.org","@graph":[{"@type":"Article","@id":"https:\/\/pulainfo.hr\/hr\/nestvarni-prizori-i-prvi-klizaci-na-ledu-otvoren-je-prvi-advent-u-areni\/#article","isPartOf":{"@id":"https:\/\/pulainfo.hr\/hr\/nestvarni-prizori-i-prvi-klizaci-na-ledu-otvoren-je-prvi-advent-u-areni\/"},"author":{"name":"Valentina Dudic","@id":"https:\/\/pulainfo.hr\/#\/schema\/person\/dc2ada394b351c9a9fd67dc21405e885"},"headline":"Nestvarni prizori i prvi kliza\u010di na ledu &#8211; otvoren je prvi Advent u Areni!","datePublished":"2024-12-17T10:59:54+00:00","mainEntityOfPage":{"@id":"https:\/\/pulainfo.hr\/hr\/nestvarni-prizori-i-prvi-klizaci-na-ledu-otvoren-je-prvi-advent-u-areni\/"},"wordCount":563,"publisher":{"@id":"https:\/\/pulainfo.hr\/#organization"},"image":{"@id":"https:\/\/pulainfo.hr\/hr\/nestvarni-prizori-i-prvi-klizaci-na-ledu-otvoren-je-prvi-advent-u-areni\/#primaryimage"},"thumbnailUrl":"https:\/\/pulainfo.hr\/wp-content\/uploads\/2024\/12\/arena_advent4-061224-scaled.jpg","articleSection":["Izdvojene novosti","Novosti"],"inLanguage":"hr"},{"@type":"WebPage","@id":"https:\/\/pulainfo.hr\/hr\/nestvarni-prizori-i-prvi-klizaci-na-ledu-otvoren-je-prvi-advent-u-areni\/","url":"https:\/\/pulainfo.hr\/hr\/nestvarni-prizori-i-prvi-klizaci-na-ledu-otvoren-je-prvi-advent-u-areni\/","name":"Nestvarni prizori i prvi kliza\u010di na ledu - otvoren je prvi Advent u Areni! - Tourism Office Pula","isPartOf":{"@id":"https:\/\/pulainfo.hr\/#website"},"primaryImageOfPage":{"@id":"https:\/\/pulainfo.hr\/hr\/nestvarni-prizori-i-prvi-klizaci-na-ledu-otvoren-je-prvi-advent-u-areni\/#primaryimage"},"image":{"@id":"https:\/\/pulainfo.hr\/hr\/nestvarni-prizori-i-prvi-klizaci-na-ledu-otvoren-je-prvi-advent-u-areni\/#primaryimage"},"thumbnailUrl":"https:\/\/pulainfo.hr\/wp-content\/uploads\/2024\/12\/arena_advent4-061224-scaled.jpg","datePublished":"2024-12-17T10:59:54+00:00","breadcrumb":{"@id":"https:\/\/pulainfo.hr\/hr\/nestvarni-prizori-i-prvi-klizaci-na-ledu-otvoren-je-prvi-advent-u-areni\/#breadcrumb"},"inLanguage":"hr","potentialAction":[{"@type":"ReadAction","target":["https:\/\/pulainfo.hr\/hr\/nestvarni-prizori-i-prvi-klizaci-na-ledu-otvoren-je-prvi-advent-u-areni\/"]}]},{"@type":"ImageObject","inLanguage":"hr","@id":"https:\/\/pulainfo.hr\/hr\/nestvarni-prizori-i-prvi-klizaci-na-ledu-otvoren-je-prvi-advent-u-areni\/#primaryimage","url":"https:\/\/pulainfo.hr\/wp-content\/uploads\/2024\/12\/arena_advent4-061224-scaled.jpg","contentUrl":"https:\/\/pulainfo.hr\/wp-content\/uploads\/2024\/12\/arena_advent4-061224-scaled.jpg","width":2560,"height":1920},{"@type":"BreadcrumbList","@id":"https:\/\/pulainfo.hr\/hr\/nestvarni-prizori-i-prvi-klizaci-na-ledu-otvoren-je-prvi-advent-u-areni\/#breadcrumb","itemListElement":[{"@type":"ListItem","position":1,"name":"Po\u010detna stranica","item":"https:\/\/pulainfo.hr\/hr\/"},{"@type":"ListItem","position":2,"name":"Nestvarni prizori i prvi kliza\u010di na ledu &#8211; otvoren je prvi Advent u Areni!"}]},{"@type":"WebSite","@id":"https:\/\/pulainfo.hr\/#website","url":"https:\/\/pulainfo.hr\/","name":"Tourism Office Pula","description":"Tourism Office Pula - Official web site","publisher":{"@id":"https:\/\/pulainfo.hr\/#organization"},"potentialAction":[{"@type":"SearchAction","target":{"@type":"EntryPoint","urlTemplate":"https:\/\/pulainfo.hr\/?s={search_term_string}"},"query-input":{"@type":"PropertyValueSpecification","valueRequired":true,"valueName":"search_term_string"}}],"inLanguage":"hr"},{"@type":"Organization","@id":"https:\/\/pulainfo.hr\/#organization","name":"Tourism Office Pula","url":"https:\/\/pulainfo.hr\/","logo":{"@type":"ImageObject","inLanguage":"hr","@id":"https:\/\/pulainfo.hr\/#\/schema\/logo\/image\/","url":"https:\/\/pulainfo.hr\/wp-content\/uploads\/2023\/10\/logo.svg","contentUrl":"https:\/\/pulainfo.hr\/wp-content\/uploads\/2023\/10\/logo.svg","width":171,"height":59,"caption":"Tourism Office Pula"},"image":{"@id":"https:\/\/pulainfo.hr\/#\/schema\/logo\/image\/"}},{"@type":"Person","@id":"https:\/\/pulainfo.hr\/#\/schema\/person\/dc2ada394b351c9a9fd67dc21405e885","name":"Valentina Dudic","image":{"@type":"ImageObject","inLanguage":"hr","@id":"https:\/\/secure.gravatar.com\/avatar\/025da990e05772ca2d158c68c1d4013ad5febc3f765c0e1957f6bb937bda74ac?s=96&d=mm&r=g","url":"https:\/\/secure.gravatar.com\/avatar\/025da990e05772ca2d158c68c1d4013ad5febc3f765c0e1957f6bb937bda74ac?s=96&d=mm&r=g","contentUrl":"https:\/\/secure.gravatar.com\/avatar\/025da990e05772ca2d158c68c1d4013ad5febc3f765c0e1957f6bb937bda74ac?s=96&d=mm&r=g","caption":"Valentina Dudic"},"url":"https:\/\/pulainfo.hr\/hr\/author\/valentina-dudic\/"}]}},"_links":{"self":[{"href":"https:\/\/pulainfo.hr\/hr\/wp-json\/wp\/v2\/posts\/20199","targetHints":{"allow":["GET"]}}],"collection":[{"href":"https:\/\/pulainfo.hr\/hr\/wp-json\/wp\/v2\/posts"}],"about":[{"href":"https:\/\/pulainfo.hr\/hr\/wp-json\/wp\/v2\/types\/post"}],"author":[{"embeddable":true,"href":"https:\/\/pulainfo.hr\/hr\/wp-json\/wp\/v2\/users\/8"}],"replies":[{"embeddable":true,"href":"https:\/\/pulainfo.hr\/hr\/wp-json\/wp\/v2\/comments?post=20199"}],"version-history":[{"count":1,"href":"https:\/\/pulainfo.hr\/hr\/wp-json\/wp\/v2\/posts\/20199\/revisions"}],"predecessor-version":[{"id":20228,"href":"https:\/\/pulainfo.hr\/hr\/wp-json\/wp\/v2\/posts\/20199\/revisions\/20228"}],"wp:featuredmedia":[{"embeddable":true,"href":"https:\/\/pulainfo.hr\/hr\/wp-json\/wp\/v2\/media\/20200"}],"wp:attachment":[{"href":"https:\/\/pulainfo.hr\/hr\/wp-json\/wp\/v2\/media?parent=20199"}],"wp:term":[{"taxonomy":"category","embeddable":true,"href":"https:\/\/pulainfo.hr\/hr\/wp-json\/wp\/v2\/categories?post=20199"},{"taxonomy":"post_tag","embeddable":true,"href":"https:\/\/pulainfo.hr\/hr\/wp-json\/wp\/v2\/tags?post=20199"}],"curies":[{"name":"wp","href":"https:\/\/api.w.org\/{rel}","templated":true}]}}