{"id":19721,"date":"2024-11-27T10:13:53","date_gmt":"2024-11-27T09:13:53","guid":{"rendered":"https:\/\/pulainfo.hr\/?p=19721"},"modified":"2024-11-27T10:14:14","modified_gmt":"2024-11-27T09:14:14","slug":"advent-u-puli-lavvento-a-pola-bogat-program-zapocinje-vec-ove-nedjelje","status":"publish","type":"post","link":"https:\/\/pulainfo.hr\/hr\/advent-u-puli-lavvento-a-pola-bogat-program-zapocinje-vec-ove-nedjelje\/","title":{"rendered":"\u201eAdvent u Puli \u2013 L&#8217;avvento a Pola\u201c \u2013 bogat program zapo\u010dinje ve\u0107 ove nedjelje!"},"content":{"rendered":"<p>Dok su pripreme za bo\u017ei\u0107nu \u010daroliju u Areni u punom jeku, sve ostale adventske lokacije spremne su za otvorenje manifestacije \u201eAdventa u Puli \u2013 L&#8217;avvento a Pola\u201c koja po\u010dinje 1. prosinca. Raznolik kulturni i zabavni program predstoji tijekom cijelog prosinca, a kod fontane u Ciscuttijevoj ulici u nedjelju u 10:00 sati prvu adventsku svije\u0107u upalit \u0107e zamjenica gradona\u010delnika Ivona Mo\u010deni\u0107. Paljenje adventske svije\u0107e popratit \u0107e pjeva\u010dki zbor Encijan \u2013 SKD Istra. Cijeli grad \u0107e zasjati u 17:00 sati kada \u0107e i adventske ku\u0107ice po\u010deti sa svojim radom. Park grada Graza ponovno je epicentar zabave za djecu gdje \u0107e ih osim svjetle\u0107ih hoda\u010da na \u0161tulama do\u010dekati i Baka Mraz skupa s vilenjacima u rasko\u0161noj ku\u0107ici Djeda i Bake Mraz. U 20:30 sati na Portarati glazbeni program otvara bend Jelusick kojeg predvodi Dino Jelu\u0161i\u0107 \u010dije vokalne sposobnosti svaki put iznova odu\u0161evljavaju publiku. Za vrijeme trajanja Adventa parking \u0107e biti besplatan radnim danima nakon 17:00 sati te vikendom i blagdanima na svim javnim parkirali\u0161tima, osim na Holders Only parkirali\u0161tima. Advent u Areni otvara se 6. prosinca u 18:00 sati, ulaz u Arenu bit \u0107e besplatan, a klizali\u0161te \u0107e se napla\u0107ivati.<\/p>\n","protected":false},"excerpt":{"rendered":"<p>Dok su pripreme za bo\u017ei\u0107nu \u010daroliju u Areni u punom jeku, sve ostale adventske lokacije &#8230;<\/p>\n","protected":false},"author":8,"featured_media":19722,"comment_status":"closed","ping_status":"closed","sticky":false,"template":"","format":"standard","meta":{"_acf_changed":false,"inline_featured_image":false,"footnotes":""},"categories":[442,137,136],"tags":[],"class_list":["post-19721","post","type-post","status-publish","format-standard","has-post-thumbnail","hentry","category-sluzbene-novosti","category-izdvojene-novosti","category-novosti"],"acf":[],"yoast_head":"<!-- This site is optimized with the Yoast SEO plugin v27.4 - https:\/\/yoast.com\/product\/yoast-seo-wordpress\/ -->\n<title>\u201eAdvent u Puli \u2013 L&#039;avvento a Pola\u201c \u2013 bogat program zapo\u010dinje ve\u0107 ove nedjelje! - Tourism Office Pula<\/title>\n<meta name=\"robots\" content=\"index, follow, max-snippet:-1, max-image-preview:large, max-video-preview:-1\" \/>\n<link rel=\"canonical\" href=\"https:\/\/pulainfo.hr\/hr\/advent-u-puli-lavvento-a-pola-bogat-program-zapocinje-vec-ove-nedjelje\/\" \/>\n<meta property=\"og:locale\" content=\"hr_HR\" \/>\n<meta property=\"og:type\" content=\"article\" \/>\n<meta property=\"og:title\" content=\"\u201eAdvent u Puli \u2013 L&#039;avvento a Pola\u201c \u2013 bogat program zapo\u010dinje ve\u0107 ove nedjelje! - Tourism Office Pula\" \/>\n<meta property=\"og:description\" content=\"Dok su pripreme za bo\u017ei\u0107nu \u010daroliju u Areni u punom jeku, sve ostale adventske lokacije ...\" \/>\n<meta property=\"og:url\" content=\"https:\/\/pulainfo.hr\/hr\/advent-u-puli-lavvento-a-pola-bogat-program-zapocinje-vec-ove-nedjelje\/\" \/>\n<meta property=\"og:site_name\" content=\"Tourism Office Pula\" \/>\n<meta property=\"article:published_time\" content=\"2024-11-27T09:13:53+00:00\" \/>\n<meta property=\"article:modified_time\" content=\"2024-11-27T09:14:14+00:00\" \/>\n<meta property=\"og:image\" content=\"https:\/\/pulainfo.hr\/wp-content\/uploads\/2024\/11\/Advent-u-Puli.jpg\" \/>\n\t<meta property=\"og:image:width\" content=\"1620\" \/>\n\t<meta property=\"og:image:height\" content=\"1080\" \/>\n\t<meta property=\"og:image:type\" content=\"image\/jpeg\" \/>\n<meta name=\"author\" content=\"Valentina Dudic\" \/>\n<meta name=\"twitter:card\" content=\"summary_large_image\" \/>\n<meta name=\"twitter:label1\" content=\"Napisao\/la\" \/>\n\t<meta name=\"twitter:data1\" content=\"Valentina Dudic\" \/>\n\t<meta name=\"twitter:label2\" content=\"Procijenjeno vrijeme \u010ditanja\" \/>\n\t<meta name=\"twitter:data2\" content=\"2 minute\" \/>\n<script type=\"application\/ld+json\" class=\"yoast-schema-graph\">{\"@context\":\"https:\\\/\\\/schema.org\",\"@graph\":[{\"@type\":\"Article\",\"@id\":\"https:\\\/\\\/pulainfo.hr\\\/hr\\\/advent-u-puli-lavvento-a-pola-bogat-program-zapocinje-vec-ove-nedjelje\\\/#article\",\"isPartOf\":{\"@id\":\"https:\\\/\\\/pulainfo.hr\\\/hr\\\/advent-u-puli-lavvento-a-pola-bogat-program-zapocinje-vec-ove-nedjelje\\\/\"},\"author\":{\"name\":\"Valentina Dudic\",\"@id\":\"https:\\\/\\\/pulainfo.hr\\\/#\\\/schema\\\/person\\\/dc2ada394b351c9a9fd67dc21405e885\"},\"headline\":\"\u201eAdvent u Puli \u2013 L&#8217;avvento a Pola\u201c \u2013 bogat program zapo\u010dinje ve\u0107 ove nedjelje!\",\"datePublished\":\"2024-11-27T09:13:53+00:00\",\"dateModified\":\"2024-11-27T09:14:14+00:00\",\"mainEntityOfPage\":{\"@id\":\"https:\\\/\\\/pulainfo.hr\\\/hr\\\/advent-u-puli-lavvento-a-pola-bogat-program-zapocinje-vec-ove-nedjelje\\\/\"},\"wordCount\":214,\"publisher\":{\"@id\":\"https:\\\/\\\/pulainfo.hr\\\/#organization\"},\"image\":{\"@id\":\"https:\\\/\\\/pulainfo.hr\\\/hr\\\/advent-u-puli-lavvento-a-pola-bogat-program-zapocinje-vec-ove-nedjelje\\\/#primaryimage\"},\"thumbnailUrl\":\"https:\\\/\\\/pulainfo.hr\\\/wp-content\\\/uploads\\\/2024\\\/11\\\/Advent-u-Puli.jpg\",\"articleSection\":[\"Slu\u017ebene novosti\",\"Izdvojene novosti\",\"Novosti\"],\"inLanguage\":\"hr\"},{\"@type\":\"WebPage\",\"@id\":\"https:\\\/\\\/pulainfo.hr\\\/hr\\\/advent-u-puli-lavvento-a-pola-bogat-program-zapocinje-vec-ove-nedjelje\\\/\",\"url\":\"https:\\\/\\\/pulainfo.hr\\\/hr\\\/advent-u-puli-lavvento-a-pola-bogat-program-zapocinje-vec-ove-nedjelje\\\/\",\"name\":\"\u201eAdvent u Puli \u2013 L'avvento a Pola\u201c \u2013 bogat program zapo\u010dinje ve\u0107 ove nedjelje! - Tourism Office Pula\",\"isPartOf\":{\"@id\":\"https:\\\/\\\/pulainfo.hr\\\/#website\"},\"primaryImageOfPage\":{\"@id\":\"https:\\\/\\\/pulainfo.hr\\\/hr\\\/advent-u-puli-lavvento-a-pola-bogat-program-zapocinje-vec-ove-nedjelje\\\/#primaryimage\"},\"image\":{\"@id\":\"https:\\\/\\\/pulainfo.hr\\\/hr\\\/advent-u-puli-lavvento-a-pola-bogat-program-zapocinje-vec-ove-nedjelje\\\/#primaryimage\"},\"thumbnailUrl\":\"https:\\\/\\\/pulainfo.hr\\\/wp-content\\\/uploads\\\/2024\\\/11\\\/Advent-u-Puli.jpg\",\"datePublished\":\"2024-11-27T09:13:53+00:00\",\"dateModified\":\"2024-11-27T09:14:14+00:00\",\"breadcrumb\":{\"@id\":\"https:\\\/\\\/pulainfo.hr\\\/hr\\\/advent-u-puli-lavvento-a-pola-bogat-program-zapocinje-vec-ove-nedjelje\\\/#breadcrumb\"},\"inLanguage\":\"hr\",\"potentialAction\":[{\"@type\":\"ReadAction\",\"target\":[\"https:\\\/\\\/pulainfo.hr\\\/hr\\\/advent-u-puli-lavvento-a-pola-bogat-program-zapocinje-vec-ove-nedjelje\\\/\"]}]},{\"@type\":\"ImageObject\",\"inLanguage\":\"hr\",\"@id\":\"https:\\\/\\\/pulainfo.hr\\\/hr\\\/advent-u-puli-lavvento-a-pola-bogat-program-zapocinje-vec-ove-nedjelje\\\/#primaryimage\",\"url\":\"https:\\\/\\\/pulainfo.hr\\\/wp-content\\\/uploads\\\/2024\\\/11\\\/Advent-u-Puli.jpg\",\"contentUrl\":\"https:\\\/\\\/pulainfo.hr\\\/wp-content\\\/uploads\\\/2024\\\/11\\\/Advent-u-Puli.jpg\",\"width\":1620,\"height\":1080},{\"@type\":\"BreadcrumbList\",\"@id\":\"https:\\\/\\\/pulainfo.hr\\\/hr\\\/advent-u-puli-lavvento-a-pola-bogat-program-zapocinje-vec-ove-nedjelje\\\/#breadcrumb\",\"itemListElement\":[{\"@type\":\"ListItem\",\"position\":1,\"name\":\"Po\u010detna stranica\",\"item\":\"https:\\\/\\\/pulainfo.hr\\\/hr\\\/\"},{\"@type\":\"ListItem\",\"position\":2,\"name\":\"\u201eAdvent u Puli \u2013 L&#8217;avvento a Pola\u201c \u2013 bogat program zapo\u010dinje ve\u0107 ove nedjelje!\"}]},{\"@type\":\"WebSite\",\"@id\":\"https:\\\/\\\/pulainfo.hr\\\/#website\",\"url\":\"https:\\\/\\\/pulainfo.hr\\\/\",\"name\":\"Tourism Office Pula\",\"description\":\"Tourism Office Pula - Official web site\",\"publisher\":{\"@id\":\"https:\\\/\\\/pulainfo.hr\\\/#organization\"},\"potentialAction\":[{\"@type\":\"SearchAction\",\"target\":{\"@type\":\"EntryPoint\",\"urlTemplate\":\"https:\\\/\\\/pulainfo.hr\\\/?s={search_term_string}\"},\"query-input\":{\"@type\":\"PropertyValueSpecification\",\"valueRequired\":true,\"valueName\":\"search_term_string\"}}],\"inLanguage\":\"hr\"},{\"@type\":\"Organization\",\"@id\":\"https:\\\/\\\/pulainfo.hr\\\/#organization\",\"name\":\"Tourism Office Pula\",\"url\":\"https:\\\/\\\/pulainfo.hr\\\/\",\"logo\":{\"@type\":\"ImageObject\",\"inLanguage\":\"hr\",\"@id\":\"https:\\\/\\\/pulainfo.hr\\\/#\\\/schema\\\/logo\\\/image\\\/\",\"url\":\"https:\\\/\\\/pulainfo.hr\\\/wp-content\\\/uploads\\\/2023\\\/10\\\/logo.svg\",\"contentUrl\":\"https:\\\/\\\/pulainfo.hr\\\/wp-content\\\/uploads\\\/2023\\\/10\\\/logo.svg\",\"width\":171,\"height\":59,\"caption\":\"Tourism Office Pula\"},\"image\":{\"@id\":\"https:\\\/\\\/pulainfo.hr\\\/#\\\/schema\\\/logo\\\/image\\\/\"}},{\"@type\":\"Person\",\"@id\":\"https:\\\/\\\/pulainfo.hr\\\/#\\\/schema\\\/person\\\/dc2ada394b351c9a9fd67dc21405e885\",\"name\":\"Valentina Dudic\",\"image\":{\"@type\":\"ImageObject\",\"inLanguage\":\"hr\",\"@id\":\"https:\\\/\\\/secure.gravatar.com\\\/avatar\\\/025da990e05772ca2d158c68c1d4013ad5febc3f765c0e1957f6bb937bda74ac?s=96&d=mm&r=g\",\"url\":\"https:\\\/\\\/secure.gravatar.com\\\/avatar\\\/025da990e05772ca2d158c68c1d4013ad5febc3f765c0e1957f6bb937bda74ac?s=96&d=mm&r=g\",\"contentUrl\":\"https:\\\/\\\/secure.gravatar.com\\\/avatar\\\/025da990e05772ca2d158c68c1d4013ad5febc3f765c0e1957f6bb937bda74ac?s=96&d=mm&r=g\",\"caption\":\"Valentina Dudic\"},\"url\":\"https:\\\/\\\/pulainfo.hr\\\/hr\\\/author\\\/valentina-dudic\\\/\"}]}<\/script>\n<!-- \/ Yoast SEO plugin. -->","yoast_head_json":{"title":"\u201eAdvent u Puli \u2013 L'avvento a Pola\u201c \u2013 bogat program zapo\u010dinje ve\u0107 ove nedjelje! - Tourism Office Pula","robots":{"index":"index","follow":"follow","max-snippet":"max-snippet:-1","max-image-preview":"max-image-preview:large","max-video-preview":"max-video-preview:-1"},"canonical":"https:\/\/pulainfo.hr\/hr\/advent-u-puli-lavvento-a-pola-bogat-program-zapocinje-vec-ove-nedjelje\/","og_locale":"hr_HR","og_type":"article","og_title":"\u201eAdvent u Puli \u2013 L'avvento a Pola\u201c \u2013 bogat program zapo\u010dinje ve\u0107 ove nedjelje! - Tourism Office Pula","og_description":"Dok su pripreme za bo\u017ei\u0107nu \u010daroliju u Areni u punom jeku, sve ostale adventske lokacije ...","og_url":"https:\/\/pulainfo.hr\/hr\/advent-u-puli-lavvento-a-pola-bogat-program-zapocinje-vec-ove-nedjelje\/","og_site_name":"Tourism Office Pula","article_published_time":"2024-11-27T09:13:53+00:00","article_modified_time":"2024-11-27T09:14:14+00:00","og_image":[{"width":1620,"height":1080,"url":"https:\/\/pulainfo.hr\/wp-content\/uploads\/2024\/11\/Advent-u-Puli.jpg","type":"image\/jpeg"}],"author":"Valentina Dudic","twitter_card":"summary_large_image","twitter_misc":{"Napisao\/la":"Valentina Dudic","Procijenjeno vrijeme \u010ditanja":"2 minute"},"schema":{"@context":"https:\/\/schema.org","@graph":[{"@type":"Article","@id":"https:\/\/pulainfo.hr\/hr\/advent-u-puli-lavvento-a-pola-bogat-program-zapocinje-vec-ove-nedjelje\/#article","isPartOf":{"@id":"https:\/\/pulainfo.hr\/hr\/advent-u-puli-lavvento-a-pola-bogat-program-zapocinje-vec-ove-nedjelje\/"},"author":{"name":"Valentina Dudic","@id":"https:\/\/pulainfo.hr\/#\/schema\/person\/dc2ada394b351c9a9fd67dc21405e885"},"headline":"\u201eAdvent u Puli \u2013 L&#8217;avvento a Pola\u201c \u2013 bogat program zapo\u010dinje ve\u0107 ove nedjelje!","datePublished":"2024-11-27T09:13:53+00:00","dateModified":"2024-11-27T09:14:14+00:00","mainEntityOfPage":{"@id":"https:\/\/pulainfo.hr\/hr\/advent-u-puli-lavvento-a-pola-bogat-program-zapocinje-vec-ove-nedjelje\/"},"wordCount":214,"publisher":{"@id":"https:\/\/pulainfo.hr\/#organization"},"image":{"@id":"https:\/\/pulainfo.hr\/hr\/advent-u-puli-lavvento-a-pola-bogat-program-zapocinje-vec-ove-nedjelje\/#primaryimage"},"thumbnailUrl":"https:\/\/pulainfo.hr\/wp-content\/uploads\/2024\/11\/Advent-u-Puli.jpg","articleSection":["Slu\u017ebene novosti","Izdvojene novosti","Novosti"],"inLanguage":"hr"},{"@type":"WebPage","@id":"https:\/\/pulainfo.hr\/hr\/advent-u-puli-lavvento-a-pola-bogat-program-zapocinje-vec-ove-nedjelje\/","url":"https:\/\/pulainfo.hr\/hr\/advent-u-puli-lavvento-a-pola-bogat-program-zapocinje-vec-ove-nedjelje\/","name":"\u201eAdvent u Puli \u2013 L'avvento a Pola\u201c \u2013 bogat program zapo\u010dinje ve\u0107 ove nedjelje! - Tourism Office Pula","isPartOf":{"@id":"https:\/\/pulainfo.hr\/#website"},"primaryImageOfPage":{"@id":"https:\/\/pulainfo.hr\/hr\/advent-u-puli-lavvento-a-pola-bogat-program-zapocinje-vec-ove-nedjelje\/#primaryimage"},"image":{"@id":"https:\/\/pulainfo.hr\/hr\/advent-u-puli-lavvento-a-pola-bogat-program-zapocinje-vec-ove-nedjelje\/#primaryimage"},"thumbnailUrl":"https:\/\/pulainfo.hr\/wp-content\/uploads\/2024\/11\/Advent-u-Puli.jpg","datePublished":"2024-11-27T09:13:53+00:00","dateModified":"2024-11-27T09:14:14+00:00","breadcrumb":{"@id":"https:\/\/pulainfo.hr\/hr\/advent-u-puli-lavvento-a-pola-bogat-program-zapocinje-vec-ove-nedjelje\/#breadcrumb"},"inLanguage":"hr","potentialAction":[{"@type":"ReadAction","target":["https:\/\/pulainfo.hr\/hr\/advent-u-puli-lavvento-a-pola-bogat-program-zapocinje-vec-ove-nedjelje\/"]}]},{"@type":"ImageObject","inLanguage":"hr","@id":"https:\/\/pulainfo.hr\/hr\/advent-u-puli-lavvento-a-pola-bogat-program-zapocinje-vec-ove-nedjelje\/#primaryimage","url":"https:\/\/pulainfo.hr\/wp-content\/uploads\/2024\/11\/Advent-u-Puli.jpg","contentUrl":"https:\/\/pulainfo.hr\/wp-content\/uploads\/2024\/11\/Advent-u-Puli.jpg","width":1620,"height":1080},{"@type":"BreadcrumbList","@id":"https:\/\/pulainfo.hr\/hr\/advent-u-puli-lavvento-a-pola-bogat-program-zapocinje-vec-ove-nedjelje\/#breadcrumb","itemListElement":[{"@type":"ListItem","position":1,"name":"Po\u010detna stranica","item":"https:\/\/pulainfo.hr\/hr\/"},{"@type":"ListItem","position":2,"name":"\u201eAdvent u Puli \u2013 L&#8217;avvento a Pola\u201c \u2013 bogat program zapo\u010dinje ve\u0107 ove nedjelje!"}]},{"@type":"WebSite","@id":"https:\/\/pulainfo.hr\/#website","url":"https:\/\/pulainfo.hr\/","name":"Tourism Office Pula","description":"Tourism Office Pula - Official web site","publisher":{"@id":"https:\/\/pulainfo.hr\/#organization"},"potentialAction":[{"@type":"SearchAction","target":{"@type":"EntryPoint","urlTemplate":"https:\/\/pulainfo.hr\/?s={search_term_string}"},"query-input":{"@type":"PropertyValueSpecification","valueRequired":true,"valueName":"search_term_string"}}],"inLanguage":"hr"},{"@type":"Organization","@id":"https:\/\/pulainfo.hr\/#organization","name":"Tourism Office Pula","url":"https:\/\/pulainfo.hr\/","logo":{"@type":"ImageObject","inLanguage":"hr","@id":"https:\/\/pulainfo.hr\/#\/schema\/logo\/image\/","url":"https:\/\/pulainfo.hr\/wp-content\/uploads\/2023\/10\/logo.svg","contentUrl":"https:\/\/pulainfo.hr\/wp-content\/uploads\/2023\/10\/logo.svg","width":171,"height":59,"caption":"Tourism Office Pula"},"image":{"@id":"https:\/\/pulainfo.hr\/#\/schema\/logo\/image\/"}},{"@type":"Person","@id":"https:\/\/pulainfo.hr\/#\/schema\/person\/dc2ada394b351c9a9fd67dc21405e885","name":"Valentina Dudic","image":{"@type":"ImageObject","inLanguage":"hr","@id":"https:\/\/secure.gravatar.com\/avatar\/025da990e05772ca2d158c68c1d4013ad5febc3f765c0e1957f6bb937bda74ac?s=96&d=mm&r=g","url":"https:\/\/secure.gravatar.com\/avatar\/025da990e05772ca2d158c68c1d4013ad5febc3f765c0e1957f6bb937bda74ac?s=96&d=mm&r=g","contentUrl":"https:\/\/secure.gravatar.com\/avatar\/025da990e05772ca2d158c68c1d4013ad5febc3f765c0e1957f6bb937bda74ac?s=96&d=mm&r=g","caption":"Valentina Dudic"},"url":"https:\/\/pulainfo.hr\/hr\/author\/valentina-dudic\/"}]}},"_links":{"self":[{"href":"https:\/\/pulainfo.hr\/hr\/wp-json\/wp\/v2\/posts\/19721","targetHints":{"allow":["GET"]}}],"collection":[{"href":"https:\/\/pulainfo.hr\/hr\/wp-json\/wp\/v2\/posts"}],"about":[{"href":"https:\/\/pulainfo.hr\/hr\/wp-json\/wp\/v2\/types\/post"}],"author":[{"embeddable":true,"href":"https:\/\/pulainfo.hr\/hr\/wp-json\/wp\/v2\/users\/8"}],"replies":[{"embeddable":true,"href":"https:\/\/pulainfo.hr\/hr\/wp-json\/wp\/v2\/comments?post=19721"}],"version-history":[{"count":1,"href":"https:\/\/pulainfo.hr\/hr\/wp-json\/wp\/v2\/posts\/19721\/revisions"}],"predecessor-version":[{"id":19736,"href":"https:\/\/pulainfo.hr\/hr\/wp-json\/wp\/v2\/posts\/19721\/revisions\/19736"}],"wp:featuredmedia":[{"embeddable":true,"href":"https:\/\/pulainfo.hr\/hr\/wp-json\/wp\/v2\/media\/19722"}],"wp:attachment":[{"href":"https:\/\/pulainfo.hr\/hr\/wp-json\/wp\/v2\/media?parent=19721"}],"wp:term":[{"taxonomy":"category","embeddable":true,"href":"https:\/\/pulainfo.hr\/hr\/wp-json\/wp\/v2\/categories?post=19721"},{"taxonomy":"post_tag","embeddable":true,"href":"https:\/\/pulainfo.hr\/hr\/wp-json\/wp\/v2\/tags?post=19721"}],"curies":[{"name":"wp","href":"https:\/\/api.w.org\/{rel}","templated":true}]}}