{"id":19664,"date":"2024-11-27T09:27:42","date_gmt":"2024-11-27T08:27:42","guid":{"rendered":"https:\/\/pulainfo.hr\/?p=19664"},"modified":"2024-11-27T09:27:42","modified_gmt":"2024-11-27T08:27:42","slug":"advent-u-puli-svi-detalji-ovogodisnjeg-izdanja-2","status":"publish","type":"post","link":"https:\/\/pulainfo.hr\/hr\/advent-u-puli-svi-detalji-ovogodisnjeg-izdanja-2\/","title":{"rendered":"ADVENT U PULI \u2013 svi detalji ovogodi\u0161njeg izdanja"},"content":{"rendered":"<p>Advent u Puli od 1. prosinca 2024. godine do 6. sije\u010dnja 2025. godine donosi uzbudljive novitete me\u0111u kojima se ove godine posebno isti\u010de nova lokacija \u2013 drevna rimska Arena, u kojoj \u0107e biti smje\u0161teno klizali\u0161te.<\/p>\n<p>Posjetitelji \u0107e mo\u0107i u\u017eivati u dosad nevi\u0111enim prizorima i jedinstvenim scenografskim elementima ru\u010dno izra\u0111enim isklju\u010divo za Arenu. Prostor amfiteatra bit \u0107e podijeljen u nekoliko tematskih zona koje su inspirirane bogatom povije\u0161\u0107u lokaliteta. Unikatne svjetlosne instalacije uklju\u010divat \u0107e i legendu o vilama \u2013 graditeljicama Arene, ali i elemente inspirirane gladijatorima. Prizor od \u010dak 1200 m\u00b2 zasnje\u017eenih kamenih tribina na kojima \u0107e biti postavljeno 111 osvijetljenih bo\u017ei\u0107nih drvca mnoge \u0107e ostaviti bez daha.<\/p>\n<p>Na repertoaru Adventa u Puli, na raznim lokacija u centru grada, na\u0107i \u0107e se brojni prigodni blagdanski programi \u010diji je fokus zabava za sve uzraste s \u00a0raznovrsnim koncertima i posebno osmi\u0161ljenim programima za najmla\u0111e koji \u0107e u Parku grada Graza mo\u0107i posjetiti i rasko\u0161nu ku\u0107icu Djeda i Bake Mraz, dru\u017eiti se s vilenjacima, gledati predstave te u\u017eivati u slasticama na adventskim ku\u0107icama. Od 21. do 30. prosinca gradom \u0107e prometovati besplatni vlaki\u0107 \u010dija ruta obuhva\u0107a sve adventske lokacije, dodatno oboga\u0107uju\u0107i do\u017eivljaj ovog blagdanskog razdoblja.<\/p>\n<p>Glazbeni program, na \u010dak tri lokacije, predstavlja raznovrsne izvo\u0111a\u010de, a na najpopularnijoj Portarati predstavit \u0107e se bend Jelusick, Rambo Amadeus, Livio Morosin Band, Nika Turkovi\u0107, Pavel, Arctic Monkeys tribute Stereo Deficit, Klapa Cambi, Denis &amp; Denis, Queen Sensation, Freaktion, Pocket Palma, Kawasaki 3P, Urban &amp; 4 te Konstrakta &amp; Zemlja gruva. U samom srcu Pule, na Ka\u0161telu, udruga Sub Movements 30. i 31. prosinca pobrinula se da Advent obogati i s programom baziranom na lokalnu alternativnu scenu te donese zvuk reagge, elektronske i dub glazbe kada \u0107e nastupiti Pulap Reaggae Station, Dubcat, Heavy duty, Munchies, Laseech, Mr M i Manscream. Novogodi\u0161nji show do\u010deka u podne izvest \u0107e Mrle &amp; Ivanka, a za ono pravo odbrojavanje i ulazak u 2025. godinu zadu\u017eeni su Elemental i Petar Gra\u0161o.<\/p>\n","protected":false},"excerpt":{"rendered":"<p>Advent u Puli od 1. prosinca 2024. godine do 6. sije\u010dnja 2025. godine donosi uzbudljive &#8230;<\/p>\n","protected":false},"author":8,"featured_media":19665,"comment_status":"closed","ping_status":"closed","sticky":false,"template":"","format":"standard","meta":{"_acf_changed":false,"inline_featured_image":false,"footnotes":""},"categories":[442,137,136],"tags":[],"class_list":["post-19664","post","type-post","status-publish","format-standard","has-post-thumbnail","hentry","category-sluzbene-novosti","category-izdvojene-novosti","category-novosti"],"acf":[],"yoast_head":"<!-- This site is optimized with the Yoast SEO plugin v27.4 - https:\/\/yoast.com\/product\/yoast-seo-wordpress\/ -->\n<title>ADVENT U PULI \u2013 svi detalji ovogodi\u0161njeg izdanja - Tourism Office Pula<\/title>\n<meta name=\"robots\" content=\"index, follow, max-snippet:-1, max-image-preview:large, max-video-preview:-1\" \/>\n<link rel=\"canonical\" href=\"https:\/\/pulainfo.hr\/hr\/advent-u-puli-svi-detalji-ovogodisnjeg-izdanja-2\/\" \/>\n<meta property=\"og:locale\" content=\"hr_HR\" \/>\n<meta property=\"og:type\" content=\"article\" \/>\n<meta property=\"og:title\" content=\"ADVENT U PULI \u2013 svi detalji ovogodi\u0161njeg izdanja - Tourism Office Pula\" \/>\n<meta property=\"og:description\" content=\"Advent u Puli od 1. prosinca 2024. godine do 6. sije\u010dnja 2025. godine donosi uzbudljive ...\" \/>\n<meta property=\"og:url\" content=\"https:\/\/pulainfo.hr\/hr\/advent-u-puli-svi-detalji-ovogodisnjeg-izdanja-2\/\" \/>\n<meta property=\"og:site_name\" content=\"Tourism Office Pula\" \/>\n<meta property=\"article:published_time\" content=\"2024-11-27T08:27:42+00:00\" \/>\n<meta property=\"og:image\" content=\"https:\/\/pulainfo.hr\/wp-content\/uploads\/2024\/11\/Arena.jpg\" \/>\n\t<meta property=\"og:image:width\" content=\"1620\" \/>\n\t<meta property=\"og:image:height\" content=\"1080\" \/>\n\t<meta property=\"og:image:type\" content=\"image\/jpeg\" \/>\n<meta name=\"author\" content=\"Valentina Dudic\" \/>\n<meta name=\"twitter:card\" content=\"summary_large_image\" \/>\n<meta name=\"twitter:label1\" content=\"Napisao\/la\" \/>\n\t<meta name=\"twitter:data1\" content=\"Valentina Dudic\" \/>\n\t<meta name=\"twitter:label2\" content=\"Procijenjeno vrijeme \u010ditanja\" \/>\n\t<meta name=\"twitter:data2\" content=\"2 minute\" \/>\n<script type=\"application\/ld+json\" class=\"yoast-schema-graph\">{\"@context\":\"https:\\\/\\\/schema.org\",\"@graph\":[{\"@type\":\"Article\",\"@id\":\"https:\\\/\\\/pulainfo.hr\\\/hr\\\/advent-u-puli-svi-detalji-ovogodisnjeg-izdanja-2\\\/#article\",\"isPartOf\":{\"@id\":\"https:\\\/\\\/pulainfo.hr\\\/hr\\\/advent-u-puli-svi-detalji-ovogodisnjeg-izdanja-2\\\/\"},\"author\":{\"name\":\"Valentina Dudic\",\"@id\":\"https:\\\/\\\/pulainfo.hr\\\/#\\\/schema\\\/person\\\/dc2ada394b351c9a9fd67dc21405e885\"},\"headline\":\"ADVENT U PULI \u2013 svi detalji ovogodi\u0161njeg izdanja\",\"datePublished\":\"2024-11-27T08:27:42+00:00\",\"mainEntityOfPage\":{\"@id\":\"https:\\\/\\\/pulainfo.hr\\\/hr\\\/advent-u-puli-svi-detalji-ovogodisnjeg-izdanja-2\\\/\"},\"wordCount\":346,\"publisher\":{\"@id\":\"https:\\\/\\\/pulainfo.hr\\\/#organization\"},\"image\":{\"@id\":\"https:\\\/\\\/pulainfo.hr\\\/hr\\\/advent-u-puli-svi-detalji-ovogodisnjeg-izdanja-2\\\/#primaryimage\"},\"thumbnailUrl\":\"https:\\\/\\\/pulainfo.hr\\\/wp-content\\\/uploads\\\/2024\\\/11\\\/Arena.jpg\",\"articleSection\":[\"Slu\u017ebene novosti\",\"Izdvojene novosti\",\"Novosti\"],\"inLanguage\":\"hr\"},{\"@type\":\"WebPage\",\"@id\":\"https:\\\/\\\/pulainfo.hr\\\/hr\\\/advent-u-puli-svi-detalji-ovogodisnjeg-izdanja-2\\\/\",\"url\":\"https:\\\/\\\/pulainfo.hr\\\/hr\\\/advent-u-puli-svi-detalji-ovogodisnjeg-izdanja-2\\\/\",\"name\":\"ADVENT U PULI \u2013 svi detalji ovogodi\u0161njeg izdanja - Tourism Office Pula\",\"isPartOf\":{\"@id\":\"https:\\\/\\\/pulainfo.hr\\\/#website\"},\"primaryImageOfPage\":{\"@id\":\"https:\\\/\\\/pulainfo.hr\\\/hr\\\/advent-u-puli-svi-detalji-ovogodisnjeg-izdanja-2\\\/#primaryimage\"},\"image\":{\"@id\":\"https:\\\/\\\/pulainfo.hr\\\/hr\\\/advent-u-puli-svi-detalji-ovogodisnjeg-izdanja-2\\\/#primaryimage\"},\"thumbnailUrl\":\"https:\\\/\\\/pulainfo.hr\\\/wp-content\\\/uploads\\\/2024\\\/11\\\/Arena.jpg\",\"datePublished\":\"2024-11-27T08:27:42+00:00\",\"breadcrumb\":{\"@id\":\"https:\\\/\\\/pulainfo.hr\\\/hr\\\/advent-u-puli-svi-detalji-ovogodisnjeg-izdanja-2\\\/#breadcrumb\"},\"inLanguage\":\"hr\",\"potentialAction\":[{\"@type\":\"ReadAction\",\"target\":[\"https:\\\/\\\/pulainfo.hr\\\/hr\\\/advent-u-puli-svi-detalji-ovogodisnjeg-izdanja-2\\\/\"]}]},{\"@type\":\"ImageObject\",\"inLanguage\":\"hr\",\"@id\":\"https:\\\/\\\/pulainfo.hr\\\/hr\\\/advent-u-puli-svi-detalji-ovogodisnjeg-izdanja-2\\\/#primaryimage\",\"url\":\"https:\\\/\\\/pulainfo.hr\\\/wp-content\\\/uploads\\\/2024\\\/11\\\/Arena.jpg\",\"contentUrl\":\"https:\\\/\\\/pulainfo.hr\\\/wp-content\\\/uploads\\\/2024\\\/11\\\/Arena.jpg\",\"width\":1620,\"height\":1080},{\"@type\":\"BreadcrumbList\",\"@id\":\"https:\\\/\\\/pulainfo.hr\\\/hr\\\/advent-u-puli-svi-detalji-ovogodisnjeg-izdanja-2\\\/#breadcrumb\",\"itemListElement\":[{\"@type\":\"ListItem\",\"position\":1,\"name\":\"Po\u010detna stranica\",\"item\":\"https:\\\/\\\/pulainfo.hr\\\/hr\\\/\"},{\"@type\":\"ListItem\",\"position\":2,\"name\":\"ADVENT U PULI \u2013 svi detalji ovogodi\u0161njeg izdanja\"}]},{\"@type\":\"WebSite\",\"@id\":\"https:\\\/\\\/pulainfo.hr\\\/#website\",\"url\":\"https:\\\/\\\/pulainfo.hr\\\/\",\"name\":\"Tourism Office Pula\",\"description\":\"Tourism Office Pula - Official web site\",\"publisher\":{\"@id\":\"https:\\\/\\\/pulainfo.hr\\\/#organization\"},\"potentialAction\":[{\"@type\":\"SearchAction\",\"target\":{\"@type\":\"EntryPoint\",\"urlTemplate\":\"https:\\\/\\\/pulainfo.hr\\\/?s={search_term_string}\"},\"query-input\":{\"@type\":\"PropertyValueSpecification\",\"valueRequired\":true,\"valueName\":\"search_term_string\"}}],\"inLanguage\":\"hr\"},{\"@type\":\"Organization\",\"@id\":\"https:\\\/\\\/pulainfo.hr\\\/#organization\",\"name\":\"Tourism Office Pula\",\"url\":\"https:\\\/\\\/pulainfo.hr\\\/\",\"logo\":{\"@type\":\"ImageObject\",\"inLanguage\":\"hr\",\"@id\":\"https:\\\/\\\/pulainfo.hr\\\/#\\\/schema\\\/logo\\\/image\\\/\",\"url\":\"https:\\\/\\\/pulainfo.hr\\\/wp-content\\\/uploads\\\/2023\\\/10\\\/logo.svg\",\"contentUrl\":\"https:\\\/\\\/pulainfo.hr\\\/wp-content\\\/uploads\\\/2023\\\/10\\\/logo.svg\",\"width\":171,\"height\":59,\"caption\":\"Tourism Office Pula\"},\"image\":{\"@id\":\"https:\\\/\\\/pulainfo.hr\\\/#\\\/schema\\\/logo\\\/image\\\/\"}},{\"@type\":\"Person\",\"@id\":\"https:\\\/\\\/pulainfo.hr\\\/#\\\/schema\\\/person\\\/dc2ada394b351c9a9fd67dc21405e885\",\"name\":\"Valentina Dudic\",\"image\":{\"@type\":\"ImageObject\",\"inLanguage\":\"hr\",\"@id\":\"https:\\\/\\\/secure.gravatar.com\\\/avatar\\\/025da990e05772ca2d158c68c1d4013ad5febc3f765c0e1957f6bb937bda74ac?s=96&d=mm&r=g\",\"url\":\"https:\\\/\\\/secure.gravatar.com\\\/avatar\\\/025da990e05772ca2d158c68c1d4013ad5febc3f765c0e1957f6bb937bda74ac?s=96&d=mm&r=g\",\"contentUrl\":\"https:\\\/\\\/secure.gravatar.com\\\/avatar\\\/025da990e05772ca2d158c68c1d4013ad5febc3f765c0e1957f6bb937bda74ac?s=96&d=mm&r=g\",\"caption\":\"Valentina Dudic\"},\"url\":\"https:\\\/\\\/pulainfo.hr\\\/hr\\\/author\\\/valentina-dudic\\\/\"}]}<\/script>\n<!-- \/ Yoast SEO plugin. -->","yoast_head_json":{"title":"ADVENT U PULI \u2013 svi detalji ovogodi\u0161njeg izdanja - Tourism Office Pula","robots":{"index":"index","follow":"follow","max-snippet":"max-snippet:-1","max-image-preview":"max-image-preview:large","max-video-preview":"max-video-preview:-1"},"canonical":"https:\/\/pulainfo.hr\/hr\/advent-u-puli-svi-detalji-ovogodisnjeg-izdanja-2\/","og_locale":"hr_HR","og_type":"article","og_title":"ADVENT U PULI \u2013 svi detalji ovogodi\u0161njeg izdanja - Tourism Office Pula","og_description":"Advent u Puli od 1. prosinca 2024. godine do 6. sije\u010dnja 2025. godine donosi uzbudljive ...","og_url":"https:\/\/pulainfo.hr\/hr\/advent-u-puli-svi-detalji-ovogodisnjeg-izdanja-2\/","og_site_name":"Tourism Office Pula","article_published_time":"2024-11-27T08:27:42+00:00","og_image":[{"width":1620,"height":1080,"url":"https:\/\/pulainfo.hr\/wp-content\/uploads\/2024\/11\/Arena.jpg","type":"image\/jpeg"}],"author":"Valentina Dudic","twitter_card":"summary_large_image","twitter_misc":{"Napisao\/la":"Valentina Dudic","Procijenjeno vrijeme \u010ditanja":"2 minute"},"schema":{"@context":"https:\/\/schema.org","@graph":[{"@type":"Article","@id":"https:\/\/pulainfo.hr\/hr\/advent-u-puli-svi-detalji-ovogodisnjeg-izdanja-2\/#article","isPartOf":{"@id":"https:\/\/pulainfo.hr\/hr\/advent-u-puli-svi-detalji-ovogodisnjeg-izdanja-2\/"},"author":{"name":"Valentina Dudic","@id":"https:\/\/pulainfo.hr\/#\/schema\/person\/dc2ada394b351c9a9fd67dc21405e885"},"headline":"ADVENT U PULI \u2013 svi detalji ovogodi\u0161njeg izdanja","datePublished":"2024-11-27T08:27:42+00:00","mainEntityOfPage":{"@id":"https:\/\/pulainfo.hr\/hr\/advent-u-puli-svi-detalji-ovogodisnjeg-izdanja-2\/"},"wordCount":346,"publisher":{"@id":"https:\/\/pulainfo.hr\/#organization"},"image":{"@id":"https:\/\/pulainfo.hr\/hr\/advent-u-puli-svi-detalji-ovogodisnjeg-izdanja-2\/#primaryimage"},"thumbnailUrl":"https:\/\/pulainfo.hr\/wp-content\/uploads\/2024\/11\/Arena.jpg","articleSection":["Slu\u017ebene novosti","Izdvojene novosti","Novosti"],"inLanguage":"hr"},{"@type":"WebPage","@id":"https:\/\/pulainfo.hr\/hr\/advent-u-puli-svi-detalji-ovogodisnjeg-izdanja-2\/","url":"https:\/\/pulainfo.hr\/hr\/advent-u-puli-svi-detalji-ovogodisnjeg-izdanja-2\/","name":"ADVENT U PULI \u2013 svi detalji ovogodi\u0161njeg izdanja - Tourism Office Pula","isPartOf":{"@id":"https:\/\/pulainfo.hr\/#website"},"primaryImageOfPage":{"@id":"https:\/\/pulainfo.hr\/hr\/advent-u-puli-svi-detalji-ovogodisnjeg-izdanja-2\/#primaryimage"},"image":{"@id":"https:\/\/pulainfo.hr\/hr\/advent-u-puli-svi-detalji-ovogodisnjeg-izdanja-2\/#primaryimage"},"thumbnailUrl":"https:\/\/pulainfo.hr\/wp-content\/uploads\/2024\/11\/Arena.jpg","datePublished":"2024-11-27T08:27:42+00:00","breadcrumb":{"@id":"https:\/\/pulainfo.hr\/hr\/advent-u-puli-svi-detalji-ovogodisnjeg-izdanja-2\/#breadcrumb"},"inLanguage":"hr","potentialAction":[{"@type":"ReadAction","target":["https:\/\/pulainfo.hr\/hr\/advent-u-puli-svi-detalji-ovogodisnjeg-izdanja-2\/"]}]},{"@type":"ImageObject","inLanguage":"hr","@id":"https:\/\/pulainfo.hr\/hr\/advent-u-puli-svi-detalji-ovogodisnjeg-izdanja-2\/#primaryimage","url":"https:\/\/pulainfo.hr\/wp-content\/uploads\/2024\/11\/Arena.jpg","contentUrl":"https:\/\/pulainfo.hr\/wp-content\/uploads\/2024\/11\/Arena.jpg","width":1620,"height":1080},{"@type":"BreadcrumbList","@id":"https:\/\/pulainfo.hr\/hr\/advent-u-puli-svi-detalji-ovogodisnjeg-izdanja-2\/#breadcrumb","itemListElement":[{"@type":"ListItem","position":1,"name":"Po\u010detna stranica","item":"https:\/\/pulainfo.hr\/hr\/"},{"@type":"ListItem","position":2,"name":"ADVENT U PULI \u2013 svi detalji ovogodi\u0161njeg izdanja"}]},{"@type":"WebSite","@id":"https:\/\/pulainfo.hr\/#website","url":"https:\/\/pulainfo.hr\/","name":"Tourism Office Pula","description":"Tourism Office Pula - Official web site","publisher":{"@id":"https:\/\/pulainfo.hr\/#organization"},"potentialAction":[{"@type":"SearchAction","target":{"@type":"EntryPoint","urlTemplate":"https:\/\/pulainfo.hr\/?s={search_term_string}"},"query-input":{"@type":"PropertyValueSpecification","valueRequired":true,"valueName":"search_term_string"}}],"inLanguage":"hr"},{"@type":"Organization","@id":"https:\/\/pulainfo.hr\/#organization","name":"Tourism Office Pula","url":"https:\/\/pulainfo.hr\/","logo":{"@type":"ImageObject","inLanguage":"hr","@id":"https:\/\/pulainfo.hr\/#\/schema\/logo\/image\/","url":"https:\/\/pulainfo.hr\/wp-content\/uploads\/2023\/10\/logo.svg","contentUrl":"https:\/\/pulainfo.hr\/wp-content\/uploads\/2023\/10\/logo.svg","width":171,"height":59,"caption":"Tourism Office Pula"},"image":{"@id":"https:\/\/pulainfo.hr\/#\/schema\/logo\/image\/"}},{"@type":"Person","@id":"https:\/\/pulainfo.hr\/#\/schema\/person\/dc2ada394b351c9a9fd67dc21405e885","name":"Valentina Dudic","image":{"@type":"ImageObject","inLanguage":"hr","@id":"https:\/\/secure.gravatar.com\/avatar\/025da990e05772ca2d158c68c1d4013ad5febc3f765c0e1957f6bb937bda74ac?s=96&d=mm&r=g","url":"https:\/\/secure.gravatar.com\/avatar\/025da990e05772ca2d158c68c1d4013ad5febc3f765c0e1957f6bb937bda74ac?s=96&d=mm&r=g","contentUrl":"https:\/\/secure.gravatar.com\/avatar\/025da990e05772ca2d158c68c1d4013ad5febc3f765c0e1957f6bb937bda74ac?s=96&d=mm&r=g","caption":"Valentina Dudic"},"url":"https:\/\/pulainfo.hr\/hr\/author\/valentina-dudic\/"}]}},"_links":{"self":[{"href":"https:\/\/pulainfo.hr\/hr\/wp-json\/wp\/v2\/posts\/19664","targetHints":{"allow":["GET"]}}],"collection":[{"href":"https:\/\/pulainfo.hr\/hr\/wp-json\/wp\/v2\/posts"}],"about":[{"href":"https:\/\/pulainfo.hr\/hr\/wp-json\/wp\/v2\/types\/post"}],"author":[{"embeddable":true,"href":"https:\/\/pulainfo.hr\/hr\/wp-json\/wp\/v2\/users\/8"}],"replies":[{"embeddable":true,"href":"https:\/\/pulainfo.hr\/hr\/wp-json\/wp\/v2\/comments?post=19664"}],"version-history":[{"count":1,"href":"https:\/\/pulainfo.hr\/hr\/wp-json\/wp\/v2\/posts\/19664\/revisions"}],"predecessor-version":[{"id":19714,"href":"https:\/\/pulainfo.hr\/hr\/wp-json\/wp\/v2\/posts\/19664\/revisions\/19714"}],"wp:featuredmedia":[{"embeddable":true,"href":"https:\/\/pulainfo.hr\/hr\/wp-json\/wp\/v2\/media\/19665"}],"wp:attachment":[{"href":"https:\/\/pulainfo.hr\/hr\/wp-json\/wp\/v2\/media?parent=19664"}],"wp:term":[{"taxonomy":"category","embeddable":true,"href":"https:\/\/pulainfo.hr\/hr\/wp-json\/wp\/v2\/categories?post=19664"},{"taxonomy":"post_tag","embeddable":true,"href":"https:\/\/pulainfo.hr\/hr\/wp-json\/wp\/v2\/tags?post=19664"}],"curies":[{"name":"wp","href":"https:\/\/api.w.org\/{rel}","templated":true}]}}