{"id":28750,"date":"2025-11-06T08:51:05","date_gmt":"2025-11-06T07:51:05","guid":{"rendered":"https:\/\/pulainfo.hr\/?p=28750"},"modified":"2025-11-06T09:37:07","modified_gmt":"2025-11-06T08:37:07","slug":"advent-in-pula-wir-bringen-ihnen-genaue-details-ueber-das-panoramariesenrad-pula-eye-und-das-musikprogramm","status":"publish","type":"post","link":"https:\/\/pulainfo.hr\/de\/advent-in-pula-wir-bringen-ihnen-genaue-details-ueber-das-panoramariesenrad-pula-eye-und-das-musikprogramm\/","title":{"rendered":"Advent in Pula \u2013 Wir bringen Ihnen genaue Details \u00fcber das Panoramariesenrad \u2013 Pula Eye und das Musikprogramm"},"content":{"rendered":"<p data-start=\"2781\" data-end=\"3347\">Die Vorbereitungen f\u00fcr <strong data-start=\"2804\" data-end=\"2843\">\u201eAdvent in Pula \u2013 L&#8217;Avvento a Pola\u201c<\/strong> laufen auf Hochtouren, damit die Weihnachtsmagie am 30. November beginnen kann, wenn zum ersten Mal in Pula das Panoramafriesenrad <strong data-start=\"2975\" data-end=\"2987\">Pula Eye<\/strong> an der Riva in Betrieb geht. Es ist 28 Meter hoch und verf\u00fcgt \u00fcber 21 Gondeln, in denen jeweils vier Personen Platz finden. Die Fahrt dauert ungef\u00e4hr 7 Minuten. Der regul\u00e4re Fahrpreis betr\u00e4gt 8,00 \u20ac f\u00fcr Erwachsene und 6,00 \u20ac f\u00fcr Kinder, und Kinder mit Behinderungen k\u00f6nnen die Fahrt kostenlos genie\u00dfen. Das Pula Eye bleibt bis zum 11. Januar 2026 an der Riva.<\/p>\n<p data-start=\"3349\" data-end=\"3849\">Neben dem bereits angek\u00fcndigten Musikprogramm pr\u00e4sentieren wir auch die Programmdaten auf <strong data-start=\"3439\" data-end=\"3452\">Portarata<\/strong>. Am 12. Dezember um 20:30 Uhr er\u00f6ffnet <strong data-start=\"3492\" data-end=\"3506\">Mile Kekin<\/strong> das Programm, gefolgt von <strong data-start=\"3533\" data-end=\"3548\">Piknik Park<\/strong>, einer langj\u00e4hrigen und in Europa bekanntesten <strong data-start=\"3596\" data-end=\"3624\">Linkin Park Tribute Band<\/strong> aus Budapest, die am 13. Dezember auftreten wird. Eine der bedeutendsten kroatischen S\u00e4ngerinnen, <strong data-start=\"3723\" data-end=\"3732\">Vanna<\/strong>, tritt am 19. Dezember auf, w\u00e4hrend <strong data-start=\"3769\" data-end=\"3784\">Klapa \u0160ufit<\/strong>, seit \u00fcber 30 Jahren aktiv, am 20. Dezember die B\u00fchne \u00fcbernimmt.<\/p>\n<p data-start=\"3851\" data-end=\"4267\">Am 24. Dezember ist das bekannte Zagreber Pop-Rock-Ensemble <strong data-start=\"3911\" data-end=\"3939\">Pips, Chips &amp; Videoclips<\/strong> zu sehen, am 25. Dezember das regional bekannte <strong data-start=\"3988\" data-end=\"4017\">Indie-Rock-Duo Bu\u010d Kesidi<\/strong>, und am 26. Dezember <strong data-start=\"4039\" data-end=\"4078\">Gitarijada presents \u2013 Rock on stage<\/strong> mit jungen Bands aus Pula. Einer der Pioniere des Trap in der Region, <strong data-start=\"4149\" data-end=\"4168\">Hiljson Mandela<\/strong>, tritt am 27. Dezember auf, und der dalmatinische Chanson-S\u00e4nger <strong data-start=\"4234\" data-end=\"4250\">Tedi Spalato<\/strong> am 30. Dezember.<\/p>\n<p data-start=\"4269\" data-end=\"4574\">F\u00fcr den <strong data-start=\"4277\" data-end=\"4310\">Silvester-Countdown zu Mittag<\/strong> an der Portarata sorgt <strong data-start=\"4334\" data-end=\"4346\">Lima Len<\/strong>, w\u00e4hrend am Abend <strong data-start=\"4365\" data-end=\"4379\">Ivan Licul<\/strong> das Publikum vor den legend\u00e4ren <strong data-start=\"4412\" data-end=\"4423\">Gustafi<\/strong> einheizt. Auf dem Forum sorgt <strong data-start=\"4454\" data-end=\"4475\">DJ Jinxie Groovse<\/strong> f\u00fcr Stimmung, bevor <strong data-start=\"4496\" data-end=\"4520\">Neno Belan &amp; Fiumens<\/strong> in das neue Jahr f\u00fchren, gefolgt vom <strong data-start=\"4558\" data-end=\"4573\">Funbox Band<\/strong>.<\/p>\n<p data-start=\"4576\" data-end=\"4878\">Am 1. Januar sorgt die energiegeladene Band <strong data-start=\"4620\" data-end=\"4629\">Febra<\/strong> f\u00fcr Blues-, Soul- und Jazz-Stimmung an der Portarata, gefolgt von der Hardcore-Punk-Band <strong data-start=\"4719\" data-end=\"4740\">Debeli Precjednik<\/strong> am 2. Januar. Gegen Ende des Advents tritt am 3. Januar die Kultband <strong data-start=\"4810\" data-end=\"4827\">Psihomodo Pop<\/strong> auf und am 6. Januar der <strong data-start=\"4853\" data-end=\"4877\">Dino Dvornik Tribute<\/strong>.<\/p>\n<p data-start=\"4880\" data-end=\"5149\">Der Hauptveranstalter des Advents in Pula ist die <strong data-start=\"4930\" data-end=\"4976\">\u00d6ffentliche Einrichtung Pula Film Festival<\/strong>, unterst\u00fctzt von der <strong data-start=\"4998\" data-end=\"5012\">Stadt Pula<\/strong> und dem <strong data-start=\"5021\" data-end=\"5058\">Fremdenverkehrsamt der Stadt Pula<\/strong>. Weitere Informationen finden Sie unter <strong data-start=\"5099\" data-end=\"5121\"><a class=\"decorated-link\" href=\"http:\/\/www.adventupuli.hr\" target=\"_new\" rel=\"noopener\" data-start=\"5101\" data-end=\"5119\">www.adventupuli.hr<\/a><\/strong> und in den sozialen Medien.<\/p>\n","protected":false},"excerpt":{"rendered":"<p>Die Vorbereitungen f\u00fcr \u201eAdvent in Pula \u2013 L&#8217;Avvento a Pola\u201c laufen auf Hochtouren, damit die &#8230;<\/p>\n","protected":false},"author":8,"featured_media":28733,"comment_status":"closed","ping_status":"closed","sticky":false,"template":"","format":"standard","meta":{"_acf_changed":false,"inline_featured_image":false,"footnotes":""},"categories":[445,145,140],"tags":[],"class_list":["post-28750","post","type-post","status-publish","format-standard","has-post-thumbnail","hentry","category-sluzbene-novosti-de","category-nachrichten","category-featured-news-de"],"acf":[],"yoast_head":"<!-- This site is optimized with the Yoast SEO plugin v27.4 - https:\/\/yoast.com\/product\/yoast-seo-wordpress\/ -->\n<title>Advent in Pula \u2013 Wir bringen Ihnen genaue Details \u00fcber das Panoramariesenrad \u2013 Pula Eye und das Musikprogramm - Tourism Office Pula<\/title>\n<meta name=\"robots\" content=\"index, follow, max-snippet:-1, max-image-preview:large, max-video-preview:-1\" \/>\n<link rel=\"canonical\" href=\"https:\/\/pulainfo.hr\/it\/?p=28752\" \/>\n<meta property=\"og:locale\" content=\"de_DE\" \/>\n<meta property=\"og:type\" content=\"article\" \/>\n<meta property=\"og:title\" content=\"Advent in Pula \u2013 Wir bringen Ihnen genaue Details \u00fcber das Panoramariesenrad \u2013 Pula Eye und das Musikprogramm - Tourism Office Pula\" \/>\n<meta property=\"og:description\" content=\"Die Vorbereitungen f\u00fcr \u201eAdvent in Pula \u2013 L&#8217;Avvento a Pola\u201c laufen auf Hochtouren, damit die ...\" \/>\n<meta property=\"og:url\" content=\"https:\/\/pulainfo.hr\/it\/?p=28752\" \/>\n<meta property=\"og:site_name\" content=\"Tourism Office Pula\" \/>\n<meta property=\"article:published_time\" content=\"2025-11-06T07:51:05+00:00\" \/>\n<meta property=\"article:modified_time\" content=\"2025-11-06T08:37:07+00:00\" \/>\n<meta property=\"og:image\" content=\"https:\/\/pulainfo.hr\/wp-content\/uploads\/2025\/11\/Pula-Eye.jpeg\" \/>\n\t<meta property=\"og:image:width\" content=\"2048\" \/>\n\t<meta property=\"og:image:height\" content=\"1536\" \/>\n\t<meta property=\"og:image:type\" content=\"image\/jpeg\" \/>\n<meta name=\"author\" content=\"Valentina Dudic\" \/>\n<meta name=\"twitter:card\" content=\"summary_large_image\" \/>\n<meta name=\"twitter:label1\" content=\"Verfasst von\" \/>\n\t<meta name=\"twitter:data1\" content=\"Valentina Dudic\" \/>\n\t<meta name=\"twitter:label2\" content=\"Gesch\u00e4tzte Lesezeit\" \/>\n\t<meta name=\"twitter:data2\" content=\"2\u00a0Minuten\" \/>\n<script type=\"application\/ld+json\" class=\"yoast-schema-graph\">{\"@context\":\"https:\\\/\\\/schema.org\",\"@graph\":[{\"@type\":\"Article\",\"@id\":\"https:\\\/\\\/pulainfo.hr\\\/it\\\/?p=28752#article\",\"isPartOf\":{\"@id\":\"https:\\\/\\\/pulainfo.hr\\\/it\\\/?p=28752\"},\"author\":{\"name\":\"Valentina Dudic\",\"@id\":\"https:\\\/\\\/pulainfo.hr\\\/#\\\/schema\\\/person\\\/dc2ada394b351c9a9fd67dc21405e885\"},\"headline\":\"Advent in Pula \u2013 Wir bringen Ihnen genaue Details \u00fcber das Panoramariesenrad \u2013 Pula Eye und das Musikprogramm\",\"datePublished\":\"2025-11-06T07:51:05+00:00\",\"dateModified\":\"2025-11-06T08:37:07+00:00\",\"mainEntityOfPage\":{\"@id\":\"https:\\\/\\\/pulainfo.hr\\\/it\\\/?p=28752\"},\"wordCount\":369,\"publisher\":{\"@id\":\"https:\\\/\\\/pulainfo.hr\\\/#organization\"},\"image\":{\"@id\":\"https:\\\/\\\/pulainfo.hr\\\/it\\\/?p=28752#primaryimage\"},\"thumbnailUrl\":\"https:\\\/\\\/pulainfo.hr\\\/wp-content\\\/uploads\\\/2025\\\/11\\\/Pula-Eye.jpeg\",\"articleSection\":[\"Slu\u017ebene novosti\",\"Nachrichten\",\"Featured news\"],\"inLanguage\":\"de\"},{\"@type\":\"WebPage\",\"@id\":\"https:\\\/\\\/pulainfo.hr\\\/it\\\/?p=28752\",\"url\":\"https:\\\/\\\/pulainfo.hr\\\/it\\\/?p=28752\",\"name\":\"Advent in Pula \u2013 Wir bringen Ihnen genaue Details \u00fcber das Panoramariesenrad \u2013 Pula Eye und das Musikprogramm - Tourism Office Pula\",\"isPartOf\":{\"@id\":\"https:\\\/\\\/pulainfo.hr\\\/#website\"},\"primaryImageOfPage\":{\"@id\":\"https:\\\/\\\/pulainfo.hr\\\/it\\\/?p=28752#primaryimage\"},\"image\":{\"@id\":\"https:\\\/\\\/pulainfo.hr\\\/it\\\/?p=28752#primaryimage\"},\"thumbnailUrl\":\"https:\\\/\\\/pulainfo.hr\\\/wp-content\\\/uploads\\\/2025\\\/11\\\/Pula-Eye.jpeg\",\"datePublished\":\"2025-11-06T07:51:05+00:00\",\"dateModified\":\"2025-11-06T08:37:07+00:00\",\"breadcrumb\":{\"@id\":\"https:\\\/\\\/pulainfo.hr\\\/it\\\/?p=28752#breadcrumb\"},\"inLanguage\":\"de\",\"potentialAction\":[{\"@type\":\"ReadAction\",\"target\":[\"https:\\\/\\\/pulainfo.hr\\\/it\\\/?p=28752\"]}]},{\"@type\":\"ImageObject\",\"inLanguage\":\"de\",\"@id\":\"https:\\\/\\\/pulainfo.hr\\\/it\\\/?p=28752#primaryimage\",\"url\":\"https:\\\/\\\/pulainfo.hr\\\/wp-content\\\/uploads\\\/2025\\\/11\\\/Pula-Eye.jpeg\",\"contentUrl\":\"https:\\\/\\\/pulainfo.hr\\\/wp-content\\\/uploads\\\/2025\\\/11\\\/Pula-Eye.jpeg\",\"width\":2048,\"height\":1536},{\"@type\":\"BreadcrumbList\",\"@id\":\"https:\\\/\\\/pulainfo.hr\\\/it\\\/?p=28752#breadcrumb\",\"itemListElement\":[{\"@type\":\"ListItem\",\"position\":1,\"name\":\"Po\u010detna stranica\",\"item\":\"https:\\\/\\\/pulainfo.hr\\\/de\\\/\"},{\"@type\":\"ListItem\",\"position\":2,\"name\":\"Advent in Pula \u2013 Wir bringen Ihnen genaue Details \u00fcber das Panoramariesenrad \u2013 Pula Eye und das Musikprogramm\"}]},{\"@type\":\"WebSite\",\"@id\":\"https:\\\/\\\/pulainfo.hr\\\/#website\",\"url\":\"https:\\\/\\\/pulainfo.hr\\\/\",\"name\":\"Tourism Office Pula\",\"description\":\"Tourism Office Pula - Official web site\",\"publisher\":{\"@id\":\"https:\\\/\\\/pulainfo.hr\\\/#organization\"},\"potentialAction\":[{\"@type\":\"SearchAction\",\"target\":{\"@type\":\"EntryPoint\",\"urlTemplate\":\"https:\\\/\\\/pulainfo.hr\\\/?s={search_term_string}\"},\"query-input\":{\"@type\":\"PropertyValueSpecification\",\"valueRequired\":true,\"valueName\":\"search_term_string\"}}],\"inLanguage\":\"de\"},{\"@type\":\"Organization\",\"@id\":\"https:\\\/\\\/pulainfo.hr\\\/#organization\",\"name\":\"Tourism Office Pula\",\"url\":\"https:\\\/\\\/pulainfo.hr\\\/\",\"logo\":{\"@type\":\"ImageObject\",\"inLanguage\":\"de\",\"@id\":\"https:\\\/\\\/pulainfo.hr\\\/#\\\/schema\\\/logo\\\/image\\\/\",\"url\":\"https:\\\/\\\/pulainfo.hr\\\/wp-content\\\/uploads\\\/2023\\\/10\\\/logo.svg\",\"contentUrl\":\"https:\\\/\\\/pulainfo.hr\\\/wp-content\\\/uploads\\\/2023\\\/10\\\/logo.svg\",\"width\":171,\"height\":59,\"caption\":\"Tourism Office Pula\"},\"image\":{\"@id\":\"https:\\\/\\\/pulainfo.hr\\\/#\\\/schema\\\/logo\\\/image\\\/\"}},{\"@type\":\"Person\",\"@id\":\"https:\\\/\\\/pulainfo.hr\\\/#\\\/schema\\\/person\\\/dc2ada394b351c9a9fd67dc21405e885\",\"name\":\"Valentina Dudic\",\"image\":{\"@type\":\"ImageObject\",\"inLanguage\":\"de\",\"@id\":\"https:\\\/\\\/secure.gravatar.com\\\/avatar\\\/025da990e05772ca2d158c68c1d4013ad5febc3f765c0e1957f6bb937bda74ac?s=96&d=mm&r=g\",\"url\":\"https:\\\/\\\/secure.gravatar.com\\\/avatar\\\/025da990e05772ca2d158c68c1d4013ad5febc3f765c0e1957f6bb937bda74ac?s=96&d=mm&r=g\",\"contentUrl\":\"https:\\\/\\\/secure.gravatar.com\\\/avatar\\\/025da990e05772ca2d158c68c1d4013ad5febc3f765c0e1957f6bb937bda74ac?s=96&d=mm&r=g\",\"caption\":\"Valentina Dudic\"},\"url\":\"https:\\\/\\\/pulainfo.hr\\\/de\\\/author\\\/valentina-dudic\\\/\"}]}<\/script>\n<!-- \/ Yoast SEO plugin. -->","yoast_head_json":{"title":"Advent in Pula \u2013 Wir bringen Ihnen genaue Details \u00fcber das Panoramariesenrad \u2013 Pula Eye und das Musikprogramm - Tourism Office Pula","robots":{"index":"index","follow":"follow","max-snippet":"max-snippet:-1","max-image-preview":"max-image-preview:large","max-video-preview":"max-video-preview:-1"},"canonical":"https:\/\/pulainfo.hr\/it\/?p=28752","og_locale":"de_DE","og_type":"article","og_title":"Advent in Pula \u2013 Wir bringen Ihnen genaue Details \u00fcber das Panoramariesenrad \u2013 Pula Eye und das Musikprogramm - Tourism Office Pula","og_description":"Die Vorbereitungen f\u00fcr \u201eAdvent in Pula \u2013 L&#8217;Avvento a Pola\u201c laufen auf Hochtouren, damit die ...","og_url":"https:\/\/pulainfo.hr\/it\/?p=28752","og_site_name":"Tourism Office Pula","article_published_time":"2025-11-06T07:51:05+00:00","article_modified_time":"2025-11-06T08:37:07+00:00","og_image":[{"width":2048,"height":1536,"url":"https:\/\/pulainfo.hr\/wp-content\/uploads\/2025\/11\/Pula-Eye.jpeg","type":"image\/jpeg"}],"author":"Valentina Dudic","twitter_card":"summary_large_image","twitter_misc":{"Verfasst von":"Valentina Dudic","Gesch\u00e4tzte Lesezeit":"2\u00a0Minuten"},"schema":{"@context":"https:\/\/schema.org","@graph":[{"@type":"Article","@id":"https:\/\/pulainfo.hr\/it\/?p=28752#article","isPartOf":{"@id":"https:\/\/pulainfo.hr\/it\/?p=28752"},"author":{"name":"Valentina Dudic","@id":"https:\/\/pulainfo.hr\/#\/schema\/person\/dc2ada394b351c9a9fd67dc21405e885"},"headline":"Advent in Pula \u2013 Wir bringen Ihnen genaue Details \u00fcber das Panoramariesenrad \u2013 Pula Eye und das Musikprogramm","datePublished":"2025-11-06T07:51:05+00:00","dateModified":"2025-11-06T08:37:07+00:00","mainEntityOfPage":{"@id":"https:\/\/pulainfo.hr\/it\/?p=28752"},"wordCount":369,"publisher":{"@id":"https:\/\/pulainfo.hr\/#organization"},"image":{"@id":"https:\/\/pulainfo.hr\/it\/?p=28752#primaryimage"},"thumbnailUrl":"https:\/\/pulainfo.hr\/wp-content\/uploads\/2025\/11\/Pula-Eye.jpeg","articleSection":["Slu\u017ebene novosti","Nachrichten","Featured news"],"inLanguage":"de"},{"@type":"WebPage","@id":"https:\/\/pulainfo.hr\/it\/?p=28752","url":"https:\/\/pulainfo.hr\/it\/?p=28752","name":"Advent in Pula \u2013 Wir bringen Ihnen genaue Details \u00fcber das Panoramariesenrad \u2013 Pula Eye und das Musikprogramm - Tourism Office Pula","isPartOf":{"@id":"https:\/\/pulainfo.hr\/#website"},"primaryImageOfPage":{"@id":"https:\/\/pulainfo.hr\/it\/?p=28752#primaryimage"},"image":{"@id":"https:\/\/pulainfo.hr\/it\/?p=28752#primaryimage"},"thumbnailUrl":"https:\/\/pulainfo.hr\/wp-content\/uploads\/2025\/11\/Pula-Eye.jpeg","datePublished":"2025-11-06T07:51:05+00:00","dateModified":"2025-11-06T08:37:07+00:00","breadcrumb":{"@id":"https:\/\/pulainfo.hr\/it\/?p=28752#breadcrumb"},"inLanguage":"de","potentialAction":[{"@type":"ReadAction","target":["https:\/\/pulainfo.hr\/it\/?p=28752"]}]},{"@type":"ImageObject","inLanguage":"de","@id":"https:\/\/pulainfo.hr\/it\/?p=28752#primaryimage","url":"https:\/\/pulainfo.hr\/wp-content\/uploads\/2025\/11\/Pula-Eye.jpeg","contentUrl":"https:\/\/pulainfo.hr\/wp-content\/uploads\/2025\/11\/Pula-Eye.jpeg","width":2048,"height":1536},{"@type":"BreadcrumbList","@id":"https:\/\/pulainfo.hr\/it\/?p=28752#breadcrumb","itemListElement":[{"@type":"ListItem","position":1,"name":"Po\u010detna stranica","item":"https:\/\/pulainfo.hr\/de\/"},{"@type":"ListItem","position":2,"name":"Advent in Pula \u2013 Wir bringen Ihnen genaue Details \u00fcber das Panoramariesenrad \u2013 Pula Eye und das Musikprogramm"}]},{"@type":"WebSite","@id":"https:\/\/pulainfo.hr\/#website","url":"https:\/\/pulainfo.hr\/","name":"Tourism Office Pula","description":"Tourism Office Pula - Official web site","publisher":{"@id":"https:\/\/pulainfo.hr\/#organization"},"potentialAction":[{"@type":"SearchAction","target":{"@type":"EntryPoint","urlTemplate":"https:\/\/pulainfo.hr\/?s={search_term_string}"},"query-input":{"@type":"PropertyValueSpecification","valueRequired":true,"valueName":"search_term_string"}}],"inLanguage":"de"},{"@type":"Organization","@id":"https:\/\/pulainfo.hr\/#organization","name":"Tourism Office Pula","url":"https:\/\/pulainfo.hr\/","logo":{"@type":"ImageObject","inLanguage":"de","@id":"https:\/\/pulainfo.hr\/#\/schema\/logo\/image\/","url":"https:\/\/pulainfo.hr\/wp-content\/uploads\/2023\/10\/logo.svg","contentUrl":"https:\/\/pulainfo.hr\/wp-content\/uploads\/2023\/10\/logo.svg","width":171,"height":59,"caption":"Tourism Office Pula"},"image":{"@id":"https:\/\/pulainfo.hr\/#\/schema\/logo\/image\/"}},{"@type":"Person","@id":"https:\/\/pulainfo.hr\/#\/schema\/person\/dc2ada394b351c9a9fd67dc21405e885","name":"Valentina Dudic","image":{"@type":"ImageObject","inLanguage":"de","@id":"https:\/\/secure.gravatar.com\/avatar\/025da990e05772ca2d158c68c1d4013ad5febc3f765c0e1957f6bb937bda74ac?s=96&d=mm&r=g","url":"https:\/\/secure.gravatar.com\/avatar\/025da990e05772ca2d158c68c1d4013ad5febc3f765c0e1957f6bb937bda74ac?s=96&d=mm&r=g","contentUrl":"https:\/\/secure.gravatar.com\/avatar\/025da990e05772ca2d158c68c1d4013ad5febc3f765c0e1957f6bb937bda74ac?s=96&d=mm&r=g","caption":"Valentina Dudic"},"url":"https:\/\/pulainfo.hr\/de\/author\/valentina-dudic\/"}]}},"_links":{"self":[{"href":"https:\/\/pulainfo.hr\/de\/wp-json\/wp\/v2\/posts\/28750","targetHints":{"allow":["GET"]}}],"collection":[{"href":"https:\/\/pulainfo.hr\/de\/wp-json\/wp\/v2\/posts"}],"about":[{"href":"https:\/\/pulainfo.hr\/de\/wp-json\/wp\/v2\/types\/post"}],"author":[{"embeddable":true,"href":"https:\/\/pulainfo.hr\/de\/wp-json\/wp\/v2\/users\/8"}],"replies":[{"embeddable":true,"href":"https:\/\/pulainfo.hr\/de\/wp-json\/wp\/v2\/comments?post=28750"}],"version-history":[{"count":1,"href":"https:\/\/pulainfo.hr\/de\/wp-json\/wp\/v2\/posts\/28750\/revisions"}],"predecessor-version":[{"id":28751,"href":"https:\/\/pulainfo.hr\/de\/wp-json\/wp\/v2\/posts\/28750\/revisions\/28751"}],"wp:featuredmedia":[{"embeddable":true,"href":"https:\/\/pulainfo.hr\/de\/wp-json\/wp\/v2\/media\/28733"}],"wp:attachment":[{"href":"https:\/\/pulainfo.hr\/de\/wp-json\/wp\/v2\/media?parent=28750"}],"wp:term":[{"taxonomy":"category","embeddable":true,"href":"https:\/\/pulainfo.hr\/de\/wp-json\/wp\/v2\/categories?post=28750"},{"taxonomy":"post_tag","embeddable":true,"href":"https:\/\/pulainfo.hr\/de\/wp-json\/wp\/v2\/tags?post=28750"}],"curies":[{"name":"wp","href":"https:\/\/api.w.org\/{rel}","templated":true}]}}