{"id":26239,"date":"2025-07-02T15:05:00","date_gmt":"2025-07-02T13:05:00","guid":{"rendered":"https:\/\/pulainfo.hr\/?p=26239"},"modified":"2025-07-02T15:08:38","modified_gmt":"2025-07-02T13:08:38","slug":"wichtig-starker-strassenverkehr-in-und-um-zagreb-vom-4-bis-6-juli","status":"publish","type":"post","link":"https:\/\/pulainfo.hr\/de\/wichtig-starker-strassenverkehr-in-und-um-zagreb-vom-4-bis-6-juli\/","title":{"rendered":"WICHTIG: Starker Stra\u00dfenverkehr in und um Zagreb vom 4. bis 6. Juli"},"content":{"rendered":"<div class=\"intro-text\">\n<p><strong>Wichtige Mitteilung des kroatischen Automobilclubs (HAK) <\/strong><strong>\u00fcber die empfohlenen Reisem\u00f6glichkeiten und alternativen Routen <\/strong><strong>f\u00fcr den 5. Juli 2025.<\/strong><\/p>\n<\/div>\n<p>Am Samstag, den 5. Juli 2025, findet in den Abendstunden in Zagreb ein gro\u00dfes Open-Air-Konzert statt, bei dem, laut Ank\u00fcndigungen des Veranstalters, etwa 500.000 Besucher anwesend sein werden.<\/p>\n<p>Daher ist einige Tage vor dem Konzert und insbesondere am Konzerttag selbst, dem 5. Juli 2025, mit starkem Autoverkehr auf den Autobahnen A2, A3 und A4 Richtung Zagreb aus allen Richtungen zu rechnen, insbesondere aus s\u00fcdlicher Richtung auf den Autobahnen A1 und A6 sowie besonders auf der Zagreber Umgehungsstra\u00dfe.<\/p>\n<p><strong>In der Nacht von Samstag auf Sonntag, vom 5. auf den 6. Juli 2025<\/strong>, ist nach dem Konzert mit starkem Verkehrsaufkommen zu rechnen, weshalb der kroatische Automobilclub (HAK) r\u00e4t, Reisen nach und um Zagreb zu dieser Zeit zu vermeiden.<\/p>\n<p>Direkt in der Stadt Zagreb wird mit besonders starkem Fahrzeug- und Fu\u00dfg\u00e4ngerverkehr gerechnet. Auch wird es aufgrund vor\u00fcbergehender Verkehrsregelungen am 4.\/5.\/6. Juli 2025 in der Stadt Zagreb auf bestimmten Verkehrswegen zu Verkehrsbehinderungen kommen.<\/p>\n<p>Angesichts der zu erwartenden Verkehrsbehinderungen der Hauptverkehrswege empfehlen wir allen Touristen, die in diesem Zeitraum planen, \u00fcber oder durch Zagreb von ihrem Heimatland aus zu kroatischen Reisezielen oder von kroatischen Reisezielen in ihr Heimatland zu reisen, einen oder mehrere Tage vor Samstag, dem 5. Juli 2025, zu reisen.<\/p>\n<p><strong>Informationen \u00fcber alternative Verkehrswege zu den touristischen Zielen<\/strong><\/p>\n<p><strong>Empfohlene alternative Routen f\u00fcr Reisen in Richtung der Adria:<\/strong><\/p>\n<p><strong>\u2022\u00a0 \u00a0 F\u00fcr Touristen aus \u00d6sterreich\/Slowenien<\/strong><br \/>\n<strong>in Richtung Kvarner und s\u00fcdlichem\/\u00f6stlichem Teil Istriens:<\/strong><br \/>\nEmpfohlene Route: Graz\/Villach \u2013 Ljubljana \u2013 Postojna \u2013 Rupa (Einfahrt nach Kroatien) \u2013 Rijeka (\u00fcber die Autobahn A7\/E61) \u2013 Ziele in der Kvarner-Bucht (Opatija, Crikvenica, Senj, Inseln Krk, Cres, Lo\u0161inj, Rab) oder Istrien (Pazin, Rabac, Labin).<br \/>\nHinweis 1: Diese Route erm\u00f6glicht auch die Weiterreise in andere Teile Istriens.<br \/>\nHinweis 2: Diese Route erm\u00f6glicht die Weiterreise von Rijeka \u00fcber die Autobahn A6\/E61 Richtung Bosiljevo 2 und weiter \u00fcber die Autobahn A1\/E65 nach Zadar, \u0160ibenik, Split und Dubrovnik.<\/p>\n<p><strong>\u2022\u00a0 \u00a0 F\u00fcr Touristen aus \u00d6sterreich\/Slowenien<\/strong><br \/>\n<strong>in Richtung n\u00f6rdlichem und westlichem Teil Istriens:<\/strong><br \/>\n1. Empfohlene Route: Graz\/Villach \u2013 Ljubljana \u2013 Postojna \u2013 Koper \u2013 Ka\u0161tel (Einfahrt nach Kroatien) \u2013 Umag \u2013 Pore\u010d \u2013 Rovinj \u2013 Pula.<br \/>\n2. Empfohlene Route: Ljubljana \u2013 Postojna \u2013 Kozina \u2013 Starod \u2013 Pasjak D8 (Einfahrt nach Kroatien) und dann weiter Richtung Kvarner, Crikvenica und den Inseln (\u00fcber die Autobahnen A7\/E61 und D8).<br \/>\nHinweis: Diese Route erm\u00f6glicht auch die Weiterreise in andere Teile Istriens \u00fcber die Autobahn A9\/E751 \u2013 U\u010dka-Tunnel (Autobahn A8\/E751 im Ausbau) oder \u00fcber die D66 (Pula, Labin, Opatija, Rijeka).<\/p>\n<p><strong>\u2022\u00a0 \u00a0 F\u00fcr Touristen aus Serbien<\/strong><br \/>\n<strong>in Richtung Istrien und der n\u00f6rdlichen Adria:<\/strong><br \/>\nEmpfohlene Route: Bajakovo (Einfahrt nach Kroatien) \u2013 Slavonski Brod \u2013 Nova Gradi\u0161ka \u2013 Popova\u010da (Abfahrt von der Autobahn A3\/E70) \u2013 Sisak \u2013 Petrinja \u2013 Glina \u2013 Gvozd \u2013 Vojni\u0107 \u2013 Karlovac \u2013 dann weiter \u00fcber die Autobahn A6\/E61 in Richtung Rijeka, Istrien oder \u00fcber die Autobahn A1\/E65 in Richtung Zadar, \u0160ibenik, Split und Dubrovnik. Bei der Ankunft bei Vojni\u0107, falls Richtung Zadar, \u0160ibenik, Split und Dubrovnik gereist wird, ist es auch m\u00f6glich, durch Lika \u00fcber die Staatsstra\u00dfe D1 zu fahren, indem Sie in Richtung Slunj abbiegen.<\/p>\n<p><strong>\u2022\u00a0 \u00a0 F\u00fcr Touristen aus Ungarn westlich von Barcs<\/strong><br \/>\n<strong>in Richtung Kvarner und s\u00fcdlichem\/\u00f6stlichem Teil Istriens:<\/strong><br \/>\nEmpfohlene Route: Nagykanizsa \u2013 Maribor \u2013 Ljubljana \u2013 Postojna \u2013 Rupa (Einfahrt nach Kroatien) \u2013 Rijeka (\u00fcber die Autobahnen A7\/E61) \u2013 Reiseziele in der Kvarner-Bucht (Opatija, Crikvenica, Senj, Inseln Krk, Cres, Lo\u0161inj, Rab) oder Istrien (Pazin, Rabac, Labin).<br \/>\nHinweis 1: Diese Route erm\u00f6glicht auch die Weiterreise in andere Teile Istriens.<br \/>\nHinweis 2: Diese Route erm\u00f6glicht die Weiterreise von Rijeka \u00fcber die Autobahn A6\/E61 Richtung Bosiljevo und weiter \u00fcber die Autobahn A1\/E65 nach Zadar, \u0160ibenik, Split und Dubrovnik.<\/p>\n<p><strong>\u2022\u00a0 \u00a0 F\u00fcr Touristen aus Ungarn westlich von Barcs<\/strong><br \/>\n<strong>in Richtung n\u00f6rdlichem und westlichem Teil Istriens:<\/strong><br \/>\nEmpfohlene Route:<br \/>\nNagykanizsa \u2013 Maribor \u2013 Ljubljana \u2013 Postojna \u2013 Koper \u2013 Ka\u0161tel (Einfahrt nach Kroatien) \u2013 Umag \u2013 Pore\u010d \u2013 Rovinj \u2013 Pula.<\/p>\n<p><strong>\u2022\u00a0 \u00a0 F\u00fcr Touristen aus Ungarn \u00f6stlich von Barcs<\/strong><br \/>\n<strong>in Richtung Istrien und Nordadria:<\/strong><br \/>\nEmpfohlene Route 1:<br \/>\nVirovitica (Einfahrt nach Kroatien) \u2013 Suhopolje \u2013 Daruvar \u2013 Gare\u0161nica \u2013 Kutina (Anschluss an die Autobahn A3\/E70) \u2013 Popova\u010da (Abfahrt von der Autobahn A3\/E70) \u2013 Sisak \u2013 Petrinja \u2013 Glina \u2013 Gvozd \u2013 Vojni\u0107 \u2013 Karlovac \u2013 weiter \u00fcber die Autobahn A6\/E61 in Richtung Rijeka, Istrien.<br \/>\nEmpfohlene Route 2:<br \/>\nBeli Manastir (Einfahrt nach Kroatien) \u2013 Osijek \u2013 Slavonski Brod \u2013 Nova Gradi\u0161ka \u2013 Popova\u010da (Abfahrt von der Autobahn A3\/E70) \u2013 Sisak \u2013 Petrinja \u2013 Glina \u2013 Gvozd \u2013 Vojni\u0107 \u2013 Karlovac \u2013 weiter \u00fcber die Autobahn A6\/E61 in Richtung Rijeka, Istrien<\/p>\n<p><strong>Empfohlene alternative Routen f\u00fcr die R\u00fcckreise von der Adria:<\/strong><\/p>\n<p><strong>\u2022\u00a0 \u00a0 F\u00fcr Touristen, die aus dem s\u00fcdlichen\/\u00f6stlichen Istrien und der Kvarner-Bucht<\/strong><br \/>\n<strong>in Richtung Slowenien\/\u00d6sterreich\/Ungarn zur\u00fcckkehren:<\/strong><br \/>\nEmpfohlene Route: Rijeka (\u00fcber die Autobahn A7\/E61) \u2013 Rupa (Ausfahrt aus Kroatien) \u2013 Postojna \u2013 Ljubljana \u2013 weiter Richtung Maribor\/Nagykanizsa oder Graz\/Villach.<\/p>\n<p><strong>\u2022\u00a0 \u00a0 F\u00fcr Touristen, die aus dem n\u00f6rdlichen\/westlichen Istrien in Richtung<\/strong><br \/>\n<strong>Slowenien\/\u00d6sterreich\/Ungarn zur\u00fcckkehren:<\/strong><br \/>\nEmpfohlene Route: Ka\u0161tel (Ausfahrt aus Kroatien) \u2013 Postojna \u2013 Ljubljana \u2013 weiter Richtung Maribor\/Nagykanizsa oder Graz\/Villach.<\/p>\n<p><strong>\u2022\u00a0 \u00a0 F\u00fcr Touristen, die aus Istrien und der Nordadria<\/strong><br \/>\n<strong>in Richtung Serbien oder Ungarn \u00f6stlich von Barcs zur\u00fcckkehren:<\/strong><br \/>\nEmpfohlene Route: Karlovac \u2013 Vojni\u0107 \u2013 Gvozd \u2013 Glina \u2013 Petrinja \u2013 Sisak \u2013 Popova\u010da (Anschluss an die Autobahn A3\/E70) \u2013 weiter zu den Reisezielen Richtung Serbien oder Ungarn.<\/p>\n<p><strong>Detaillierte Informationen k\u00f6nnen tagesaktuell auf der Website des kroatischen Autoklubs HAK verfolgt werden:<\/strong><br \/>\n<a href=\"https:\/\/www.hak.hr\/vijest\/2345\/koncert-promet-zagreb-2025\" target=\"_blank\" rel=\"noopener\">www.hak.hr\/vijest\/2345\/koncert-promet-zagreb-2025<\/a><\/p>\n<p>Info: HAK &amp; Croatian National Tourist Board<\/p>\n","protected":false},"excerpt":{"rendered":"<p>Wichtige Mitteilung des kroatischen Automobilclubs (HAK) \u00fcber die empfohlenen Reisem\u00f6glichkeiten und alternativen Routen f\u00fcr den &#8230;<\/p>\n","protected":false},"author":8,"featured_media":26231,"comment_status":"closed","ping_status":"closed","sticky":false,"template":"","format":"standard","meta":{"_acf_changed":false,"inline_featured_image":false,"footnotes":""},"categories":[445,145,140],"tags":[],"class_list":["post-26239","post","type-post","status-publish","format-standard","has-post-thumbnail","hentry","category-sluzbene-novosti-de","category-nachrichten","category-featured-news-de"],"acf":[],"yoast_head":"<!-- This site is optimized with the Yoast SEO plugin v27.4 - https:\/\/yoast.com\/product\/yoast-seo-wordpress\/ -->\n<title>WICHTIG: Starker Stra\u00dfenverkehr in und um Zagreb vom 4. bis 6. Juli - Tourism Office Pula<\/title>\n<meta name=\"robots\" content=\"index, follow, max-snippet:-1, max-image-preview:large, max-video-preview:-1\" \/>\n<link rel=\"canonical\" href=\"https:\/\/pulainfo.hr\/it\/?p=26241\" \/>\n<meta property=\"og:locale\" content=\"de_DE\" \/>\n<meta property=\"og:type\" content=\"article\" \/>\n<meta property=\"og:title\" content=\"WICHTIG: Starker Stra\u00dfenverkehr in und um Zagreb vom 4. bis 6. Juli - Tourism Office Pula\" \/>\n<meta property=\"og:description\" content=\"Wichtige Mitteilung des kroatischen Automobilclubs (HAK) \u00fcber die empfohlenen Reisem\u00f6glichkeiten und alternativen Routen f\u00fcr den ...\" \/>\n<meta property=\"og:url\" content=\"https:\/\/pulainfo.hr\/it\/?p=26241\" \/>\n<meta property=\"og:site_name\" content=\"Tourism Office Pula\" \/>\n<meta property=\"article:published_time\" content=\"2025-07-02T13:05:00+00:00\" \/>\n<meta property=\"article:modified_time\" content=\"2025-07-02T13:08:38+00:00\" \/>\n<meta property=\"og:image\" content=\"https:\/\/pulainfo.hr\/wp-content\/uploads\/2025\/07\/HTZ-logo-slogan-hrvatski_0.png\" \/>\n\t<meta property=\"og:image:width\" content=\"414\" \/>\n\t<meta property=\"og:image:height\" content=\"311\" \/>\n\t<meta property=\"og:image:type\" content=\"image\/png\" \/>\n<meta name=\"author\" content=\"Valentina Dudic\" \/>\n<meta name=\"twitter:card\" content=\"summary_large_image\" \/>\n<meta name=\"twitter:label1\" content=\"Verfasst von\" \/>\n\t<meta name=\"twitter:data1\" content=\"Valentina Dudic\" \/>\n\t<meta name=\"twitter:label2\" content=\"Gesch\u00e4tzte Lesezeit\" \/>\n\t<meta name=\"twitter:data2\" content=\"4\u00a0Minuten\" \/>\n<script type=\"application\/ld+json\" class=\"yoast-schema-graph\">{\"@context\":\"https:\\\/\\\/schema.org\",\"@graph\":[{\"@type\":\"Article\",\"@id\":\"https:\\\/\\\/pulainfo.hr\\\/it\\\/?p=26241#article\",\"isPartOf\":{\"@id\":\"https:\\\/\\\/pulainfo.hr\\\/it\\\/?p=26241\"},\"author\":{\"name\":\"Valentina Dudic\",\"@id\":\"https:\\\/\\\/pulainfo.hr\\\/#\\\/schema\\\/person\\\/dc2ada394b351c9a9fd67dc21405e885\"},\"headline\":\"WICHTIG: Starker Stra\u00dfenverkehr in und um Zagreb vom 4. bis 6. Juli\",\"datePublished\":\"2025-07-02T13:05:00+00:00\",\"dateModified\":\"2025-07-02T13:08:38+00:00\",\"mainEntityOfPage\":{\"@id\":\"https:\\\/\\\/pulainfo.hr\\\/it\\\/?p=26241\"},\"wordCount\":884,\"publisher\":{\"@id\":\"https:\\\/\\\/pulainfo.hr\\\/#organization\"},\"image\":{\"@id\":\"https:\\\/\\\/pulainfo.hr\\\/it\\\/?p=26241#primaryimage\"},\"thumbnailUrl\":\"https:\\\/\\\/pulainfo.hr\\\/wp-content\\\/uploads\\\/2025\\\/07\\\/HTZ-logo-slogan-hrvatski_0.png\",\"articleSection\":[\"Slu\u017ebene novosti\",\"Nachrichten\",\"Featured news\"],\"inLanguage\":\"de\"},{\"@type\":\"WebPage\",\"@id\":\"https:\\\/\\\/pulainfo.hr\\\/it\\\/?p=26241\",\"url\":\"https:\\\/\\\/pulainfo.hr\\\/it\\\/?p=26241\",\"name\":\"WICHTIG: Starker Stra\u00dfenverkehr in und um Zagreb vom 4. bis 6. Juli - Tourism Office Pula\",\"isPartOf\":{\"@id\":\"https:\\\/\\\/pulainfo.hr\\\/#website\"},\"primaryImageOfPage\":{\"@id\":\"https:\\\/\\\/pulainfo.hr\\\/it\\\/?p=26241#primaryimage\"},\"image\":{\"@id\":\"https:\\\/\\\/pulainfo.hr\\\/it\\\/?p=26241#primaryimage\"},\"thumbnailUrl\":\"https:\\\/\\\/pulainfo.hr\\\/wp-content\\\/uploads\\\/2025\\\/07\\\/HTZ-logo-slogan-hrvatski_0.png\",\"datePublished\":\"2025-07-02T13:05:00+00:00\",\"dateModified\":\"2025-07-02T13:08:38+00:00\",\"breadcrumb\":{\"@id\":\"https:\\\/\\\/pulainfo.hr\\\/it\\\/?p=26241#breadcrumb\"},\"inLanguage\":\"de\",\"potentialAction\":[{\"@type\":\"ReadAction\",\"target\":[\"https:\\\/\\\/pulainfo.hr\\\/it\\\/?p=26241\"]}]},{\"@type\":\"ImageObject\",\"inLanguage\":\"de\",\"@id\":\"https:\\\/\\\/pulainfo.hr\\\/it\\\/?p=26241#primaryimage\",\"url\":\"https:\\\/\\\/pulainfo.hr\\\/wp-content\\\/uploads\\\/2025\\\/07\\\/HTZ-logo-slogan-hrvatski_0.png\",\"contentUrl\":\"https:\\\/\\\/pulainfo.hr\\\/wp-content\\\/uploads\\\/2025\\\/07\\\/HTZ-logo-slogan-hrvatski_0.png\",\"width\":414,\"height\":311},{\"@type\":\"BreadcrumbList\",\"@id\":\"https:\\\/\\\/pulainfo.hr\\\/it\\\/?p=26241#breadcrumb\",\"itemListElement\":[{\"@type\":\"ListItem\",\"position\":1,\"name\":\"Po\u010detna stranica\",\"item\":\"https:\\\/\\\/pulainfo.hr\\\/de\\\/\"},{\"@type\":\"ListItem\",\"position\":2,\"name\":\"WICHTIG: Starker Stra\u00dfenverkehr in und um Zagreb vom 4. bis 6. Juli\"}]},{\"@type\":\"WebSite\",\"@id\":\"https:\\\/\\\/pulainfo.hr\\\/#website\",\"url\":\"https:\\\/\\\/pulainfo.hr\\\/\",\"name\":\"Tourism Office Pula\",\"description\":\"Tourism Office Pula - Official web site\",\"publisher\":{\"@id\":\"https:\\\/\\\/pulainfo.hr\\\/#organization\"},\"potentialAction\":[{\"@type\":\"SearchAction\",\"target\":{\"@type\":\"EntryPoint\",\"urlTemplate\":\"https:\\\/\\\/pulainfo.hr\\\/?s={search_term_string}\"},\"query-input\":{\"@type\":\"PropertyValueSpecification\",\"valueRequired\":true,\"valueName\":\"search_term_string\"}}],\"inLanguage\":\"de\"},{\"@type\":\"Organization\",\"@id\":\"https:\\\/\\\/pulainfo.hr\\\/#organization\",\"name\":\"Tourism Office Pula\",\"url\":\"https:\\\/\\\/pulainfo.hr\\\/\",\"logo\":{\"@type\":\"ImageObject\",\"inLanguage\":\"de\",\"@id\":\"https:\\\/\\\/pulainfo.hr\\\/#\\\/schema\\\/logo\\\/image\\\/\",\"url\":\"https:\\\/\\\/pulainfo.hr\\\/wp-content\\\/uploads\\\/2023\\\/10\\\/logo.svg\",\"contentUrl\":\"https:\\\/\\\/pulainfo.hr\\\/wp-content\\\/uploads\\\/2023\\\/10\\\/logo.svg\",\"width\":171,\"height\":59,\"caption\":\"Tourism Office Pula\"},\"image\":{\"@id\":\"https:\\\/\\\/pulainfo.hr\\\/#\\\/schema\\\/logo\\\/image\\\/\"}},{\"@type\":\"Person\",\"@id\":\"https:\\\/\\\/pulainfo.hr\\\/#\\\/schema\\\/person\\\/dc2ada394b351c9a9fd67dc21405e885\",\"name\":\"Valentina Dudic\",\"image\":{\"@type\":\"ImageObject\",\"inLanguage\":\"de\",\"@id\":\"https:\\\/\\\/secure.gravatar.com\\\/avatar\\\/025da990e05772ca2d158c68c1d4013ad5febc3f765c0e1957f6bb937bda74ac?s=96&d=mm&r=g\",\"url\":\"https:\\\/\\\/secure.gravatar.com\\\/avatar\\\/025da990e05772ca2d158c68c1d4013ad5febc3f765c0e1957f6bb937bda74ac?s=96&d=mm&r=g\",\"contentUrl\":\"https:\\\/\\\/secure.gravatar.com\\\/avatar\\\/025da990e05772ca2d158c68c1d4013ad5febc3f765c0e1957f6bb937bda74ac?s=96&d=mm&r=g\",\"caption\":\"Valentina Dudic\"},\"url\":\"https:\\\/\\\/pulainfo.hr\\\/de\\\/author\\\/valentina-dudic\\\/\"}]}<\/script>\n<!-- \/ Yoast SEO plugin. -->","yoast_head_json":{"title":"WICHTIG: Starker Stra\u00dfenverkehr in und um Zagreb vom 4. bis 6. Juli - Tourism Office Pula","robots":{"index":"index","follow":"follow","max-snippet":"max-snippet:-1","max-image-preview":"max-image-preview:large","max-video-preview":"max-video-preview:-1"},"canonical":"https:\/\/pulainfo.hr\/it\/?p=26241","og_locale":"de_DE","og_type":"article","og_title":"WICHTIG: Starker Stra\u00dfenverkehr in und um Zagreb vom 4. bis 6. Juli - Tourism Office Pula","og_description":"Wichtige Mitteilung des kroatischen Automobilclubs (HAK) \u00fcber die empfohlenen Reisem\u00f6glichkeiten und alternativen Routen f\u00fcr den ...","og_url":"https:\/\/pulainfo.hr\/it\/?p=26241","og_site_name":"Tourism Office Pula","article_published_time":"2025-07-02T13:05:00+00:00","article_modified_time":"2025-07-02T13:08:38+00:00","og_image":[{"width":414,"height":311,"url":"https:\/\/pulainfo.hr\/wp-content\/uploads\/2025\/07\/HTZ-logo-slogan-hrvatski_0.png","type":"image\/png"}],"author":"Valentina Dudic","twitter_card":"summary_large_image","twitter_misc":{"Verfasst von":"Valentina Dudic","Gesch\u00e4tzte Lesezeit":"4\u00a0Minuten"},"schema":{"@context":"https:\/\/schema.org","@graph":[{"@type":"Article","@id":"https:\/\/pulainfo.hr\/it\/?p=26241#article","isPartOf":{"@id":"https:\/\/pulainfo.hr\/it\/?p=26241"},"author":{"name":"Valentina Dudic","@id":"https:\/\/pulainfo.hr\/#\/schema\/person\/dc2ada394b351c9a9fd67dc21405e885"},"headline":"WICHTIG: Starker Stra\u00dfenverkehr in und um Zagreb vom 4. bis 6. Juli","datePublished":"2025-07-02T13:05:00+00:00","dateModified":"2025-07-02T13:08:38+00:00","mainEntityOfPage":{"@id":"https:\/\/pulainfo.hr\/it\/?p=26241"},"wordCount":884,"publisher":{"@id":"https:\/\/pulainfo.hr\/#organization"},"image":{"@id":"https:\/\/pulainfo.hr\/it\/?p=26241#primaryimage"},"thumbnailUrl":"https:\/\/pulainfo.hr\/wp-content\/uploads\/2025\/07\/HTZ-logo-slogan-hrvatski_0.png","articleSection":["Slu\u017ebene novosti","Nachrichten","Featured news"],"inLanguage":"de"},{"@type":"WebPage","@id":"https:\/\/pulainfo.hr\/it\/?p=26241","url":"https:\/\/pulainfo.hr\/it\/?p=26241","name":"WICHTIG: Starker Stra\u00dfenverkehr in und um Zagreb vom 4. bis 6. Juli - Tourism Office Pula","isPartOf":{"@id":"https:\/\/pulainfo.hr\/#website"},"primaryImageOfPage":{"@id":"https:\/\/pulainfo.hr\/it\/?p=26241#primaryimage"},"image":{"@id":"https:\/\/pulainfo.hr\/it\/?p=26241#primaryimage"},"thumbnailUrl":"https:\/\/pulainfo.hr\/wp-content\/uploads\/2025\/07\/HTZ-logo-slogan-hrvatski_0.png","datePublished":"2025-07-02T13:05:00+00:00","dateModified":"2025-07-02T13:08:38+00:00","breadcrumb":{"@id":"https:\/\/pulainfo.hr\/it\/?p=26241#breadcrumb"},"inLanguage":"de","potentialAction":[{"@type":"ReadAction","target":["https:\/\/pulainfo.hr\/it\/?p=26241"]}]},{"@type":"ImageObject","inLanguage":"de","@id":"https:\/\/pulainfo.hr\/it\/?p=26241#primaryimage","url":"https:\/\/pulainfo.hr\/wp-content\/uploads\/2025\/07\/HTZ-logo-slogan-hrvatski_0.png","contentUrl":"https:\/\/pulainfo.hr\/wp-content\/uploads\/2025\/07\/HTZ-logo-slogan-hrvatski_0.png","width":414,"height":311},{"@type":"BreadcrumbList","@id":"https:\/\/pulainfo.hr\/it\/?p=26241#breadcrumb","itemListElement":[{"@type":"ListItem","position":1,"name":"Po\u010detna stranica","item":"https:\/\/pulainfo.hr\/de\/"},{"@type":"ListItem","position":2,"name":"WICHTIG: Starker Stra\u00dfenverkehr in und um Zagreb vom 4. bis 6. Juli"}]},{"@type":"WebSite","@id":"https:\/\/pulainfo.hr\/#website","url":"https:\/\/pulainfo.hr\/","name":"Tourism Office Pula","description":"Tourism Office Pula - Official web site","publisher":{"@id":"https:\/\/pulainfo.hr\/#organization"},"potentialAction":[{"@type":"SearchAction","target":{"@type":"EntryPoint","urlTemplate":"https:\/\/pulainfo.hr\/?s={search_term_string}"},"query-input":{"@type":"PropertyValueSpecification","valueRequired":true,"valueName":"search_term_string"}}],"inLanguage":"de"},{"@type":"Organization","@id":"https:\/\/pulainfo.hr\/#organization","name":"Tourism Office Pula","url":"https:\/\/pulainfo.hr\/","logo":{"@type":"ImageObject","inLanguage":"de","@id":"https:\/\/pulainfo.hr\/#\/schema\/logo\/image\/","url":"https:\/\/pulainfo.hr\/wp-content\/uploads\/2023\/10\/logo.svg","contentUrl":"https:\/\/pulainfo.hr\/wp-content\/uploads\/2023\/10\/logo.svg","width":171,"height":59,"caption":"Tourism Office Pula"},"image":{"@id":"https:\/\/pulainfo.hr\/#\/schema\/logo\/image\/"}},{"@type":"Person","@id":"https:\/\/pulainfo.hr\/#\/schema\/person\/dc2ada394b351c9a9fd67dc21405e885","name":"Valentina Dudic","image":{"@type":"ImageObject","inLanguage":"de","@id":"https:\/\/secure.gravatar.com\/avatar\/025da990e05772ca2d158c68c1d4013ad5febc3f765c0e1957f6bb937bda74ac?s=96&d=mm&r=g","url":"https:\/\/secure.gravatar.com\/avatar\/025da990e05772ca2d158c68c1d4013ad5febc3f765c0e1957f6bb937bda74ac?s=96&d=mm&r=g","contentUrl":"https:\/\/secure.gravatar.com\/avatar\/025da990e05772ca2d158c68c1d4013ad5febc3f765c0e1957f6bb937bda74ac?s=96&d=mm&r=g","caption":"Valentina Dudic"},"url":"https:\/\/pulainfo.hr\/de\/author\/valentina-dudic\/"}]}},"_links":{"self":[{"href":"https:\/\/pulainfo.hr\/de\/wp-json\/wp\/v2\/posts\/26239","targetHints":{"allow":["GET"]}}],"collection":[{"href":"https:\/\/pulainfo.hr\/de\/wp-json\/wp\/v2\/posts"}],"about":[{"href":"https:\/\/pulainfo.hr\/de\/wp-json\/wp\/v2\/types\/post"}],"author":[{"embeddable":true,"href":"https:\/\/pulainfo.hr\/de\/wp-json\/wp\/v2\/users\/8"}],"replies":[{"embeddable":true,"href":"https:\/\/pulainfo.hr\/de\/wp-json\/wp\/v2\/comments?post=26239"}],"version-history":[{"count":1,"href":"https:\/\/pulainfo.hr\/de\/wp-json\/wp\/v2\/posts\/26239\/revisions"}],"predecessor-version":[{"id":26240,"href":"https:\/\/pulainfo.hr\/de\/wp-json\/wp\/v2\/posts\/26239\/revisions\/26240"}],"wp:featuredmedia":[{"embeddable":true,"href":"https:\/\/pulainfo.hr\/de\/wp-json\/wp\/v2\/media\/26231"}],"wp:attachment":[{"href":"https:\/\/pulainfo.hr\/de\/wp-json\/wp\/v2\/media?parent=26239"}],"wp:term":[{"taxonomy":"category","embeddable":true,"href":"https:\/\/pulainfo.hr\/de\/wp-json\/wp\/v2\/categories?post=26239"},{"taxonomy":"post_tag","embeddable":true,"href":"https:\/\/pulainfo.hr\/de\/wp-json\/wp\/v2\/tags?post=26239"}],"curies":[{"name":"wp","href":"https:\/\/api.w.org\/{rel}","templated":true}]}}